{"id":6624,"date":"2024-09-24T01:52:25","date_gmt":"2024-09-24T01:52:25","guid":{"rendered":"https:\/\/infozamoraec.com\/?p=6624"},"modified":"2024-09-24T01:52:25","modified_gmt":"2024-09-24T01:52:25","slug":"costas-del-pacifico-de-mexico-en-alerta-por-huracan-john","status":"publish","type":"post","link":"https:\/\/infozamoraec.com\/index.php\/2024\/09\/24\/costas-del-pacifico-de-mexico-en-alerta-por-huracan-john\/","title":{"rendered":"Costas del Pac\u00edfico de M\u00e9xico en alerta por hurac\u00e1n John"},"content":{"rendered":"<p>El hurac\u00e1n John se form\u00f3 este lunes (23.09.2024) en el Pac\u00edfico y ascendi\u00f3 r\u00e1pidamente a categor\u00eda 2, lo que puso en alerta a la costa sur de\u00a0<a class=\"internal-link\" href=\"https:\/\/www.dw.com\/es\/m%C3%A9xico\/t-17409380\" target=\"_blank\" rel=\"noopener\">M\u00e9xico<\/a>, donde se prev\u00e9 toque tierra en las pr\u00f3ximas horas, seg\u00fan los pron\u00f3sticos meteorol\u00f3gicos.<\/p>\n<p>A las 21H00 GMT, el fen\u00f3meno se encontraba a 90 km de Punta Maldonado, en M\u00e9xico, y registraba vientos sostenidos de 155 km por hora, seg\u00fan el \u00faltimo informe del Centro Nacional de Huracanes de Estados Unidos (NHC, por sus siglas en ingl\u00e9s).<\/p>\n<p>\u00abJohn es un hurac\u00e1n de categor\u00eda 2 (&#8230;). Se pronostica que continuar\u00e1 fortaleci\u00e9ndose r\u00e1pidamente y se espera que se convierta en un cicl\u00f3n mayor a medida que se acerca a la costa\u00bb, agreg\u00f3 el centro en su reporte.<\/p>\n<p>Se prev\u00e9 que el fen\u00f3meno cobre m\u00e1s fuerza y al amanecer del martes alcance la categor\u00eda 3 de la escala Saffir-Simpson (que va hasta 5), un nivel que es considerado potencialmente catastr\u00f3fico.<\/p>\n<h2>SMN prev\u00e9 impacto en cuesti\u00f3n de horas<\/h2>\n<p>De mantener la trayectoria actual, se esperar\u00eda que el centro del hurac\u00e1n John toque tierra entre Santiago Pinotepa Nacional (Oaxaca), y Copala (Guerrero), este noche o a primera hora del martes, advirti\u00f3 el Servicio Meteorol\u00f3gico Nacional (SMN).<\/p>\n<p>El fen\u00f3meno que presenta rachas de hasta 195 km\/h, se desplaza hacia el norte a una velocidad de 9 km\/h.<\/p>\n<p>El hurac\u00e1n provocar\u00e1 lluvias puntuales extraordinarias en Oaxaca y Guerrero; torrenciales en Chiapas; intensas en Veracruz y Puebla; muy fuertes en Tabasco, Michoac\u00e1n y Morelos; as\u00ed como fuertes en el Estado de M\u00e9xico.<\/p>\n<p>Se anticipa que el fen\u00f3meno provoque fuertes precipitaciones en el vecino estado de Guerrero (sur), que el 25 de octubre de 2023 fue golpeado por el hurac\u00e1n Otis, de categor\u00eda 5 y que devast\u00f3 el balneario de Acapulco, con un saldo de m\u00e1s de 40 muertos y unos 50 desparecidos.<\/p>\n<p>Seg\u00fan los pron\u00f3sticos del organismo de la Comisi\u00f3n Nacional del Agua (Conagua), John podr\u00eda intensificarse hasta la categor\u00eda 3 y tocar tierra en las pr\u00f3ximas seis horas.<\/p>\n<p>jc (efe, afp)<\/p>\n","protected":false},"excerpt":{"rendered":"<p>El hurac\u00e1n John se form\u00f3 este lunes (23.09.2024) en el Pac\u00edfico y ascendi\u00f3 r\u00e1pidamente a categor\u00eda 2, lo que puso en alerta a la costa sur de\u00a0M\u00e9xico, donde se prev\u00e9 toque tierra en las pr\u00f3ximas horas, seg\u00fan los pron\u00f3sticos meteorol\u00f3gicos. A las 21H00 GMT, el fen\u00f3meno se encontraba a 90 km de Punta Maldonado, en [&hellip;]<\/p>\n","protected":false},"author":1,"featured_media":6625,"comment_status":"open","ping_status":"open","sticky":false,"template":"","format":"standard","meta":{"footnotes":""},"categories":[8],"tags":[],"_links":{"self":[{"href":"https:\/\/infozamoraec.com\/index.php\/wp-json\/wp\/v2\/posts\/6624"}],"collection":[{"href":"https:\/\/infozamoraec.com\/index.php\/wp-json\/wp\/v2\/posts"}],"about":[{"href":"https:\/\/infozamoraec.com\/index.php\/wp-json\/wp\/v2\/types\/post"}],"author":[{"embeddable":true,"href":"https:\/\/infozamoraec.com\/index.php\/wp-json\/wp\/v2\/users\/1"}],"replies":[{"embeddable":true,"href":"https:\/\/infozamoraec.com\/index.php\/wp-json\/wp\/v2\/comments?post=6624"}],"version-history":[{"count":1,"href":"https:\/\/infozamoraec.com\/index.php\/wp-json\/wp\/v2\/posts\/6624\/revisions"}],"predecessor-version":[{"id":6626,"href":"https:\/\/infozamoraec.com\/index.php\/wp-json\/wp\/v2\/posts\/6624\/revisions\/6626"}],"wp:featuredmedia":[{"embeddable":true,"href":"https:\/\/infozamoraec.com\/index.php\/wp-json\/wp\/v2\/media\/6625"}],"wp:attachment":[{"href":"https:\/\/infozamoraec.com\/index.php\/wp-json\/wp\/v2\/media?parent=6624"}],"wp:term":[{"taxonomy":"category","embeddable":true,"href":"https:\/\/infozamoraec.com\/index.php\/wp-json\/wp\/v2\/categories?post=6624"},{"taxonomy":"post_tag","embeddable":true,"href":"https:\/\/infozamoraec.com\/index.php\/wp-json\/wp\/v2\/tags?post=6624"}],"curies":[{"name":"wp","href":"https:\/\/api.w.org\/{rel}","templated":true}]}}