{"id":6621,"date":"2024-09-24T01:50:24","date_gmt":"2024-09-24T01:50:24","guid":{"rendered":"https:\/\/infozamoraec.com\/?p=6621"},"modified":"2024-09-24T01:50:24","modified_gmt":"2024-09-24T01:50:24","slug":"el-ministro-de-energia-hay-que-esperar-que-llueva-o-los-racionamientos","status":"publish","type":"post","link":"https:\/\/infozamoraec.com\/index.php\/2024\/09\/24\/el-ministro-de-energia-hay-que-esperar-que-llueva-o-los-racionamientos\/","title":{"rendered":"El ministro de Energ\u00eda: \u00abHay que esperar que llueva o los racionamientos\u00bb"},"content":{"rendered":"<p>El ministro de Energ\u00eda y Minas, Antonio Goncalves, ofreci\u00f3 la tarde de este lunes, 23 de septiembre, una conferencia de prensa en las instalaciones del Ministerio de Energ\u00eda y Minas, en el norte de Quito, donde actualiz\u00f3 la situaci\u00f3n h\u00eddrica y energ\u00e9tica del pa\u00eds.<\/p>\n<p>Durante su intervenci\u00f3n, Goncalves pidi\u00f3 disculpas por la demora en la entrega de informaci\u00f3n sobre los cortes de energ\u00eda que se registraron este lunes, aludiendo a un tema personal de salud que lo mantuvo fuera del pa\u00eds hasta la madrugada de hoy.<\/p>\n<p>\u201cHoy d\u00eda no les tengo buenas noticias\u201d, comenz\u00f3 el ministro, advirtiendo que la situaci\u00f3n energ\u00e9tica es cr\u00edtica y que el Gobierno se encuentra trabajando para enfrentarla.<\/p>\n<p>El problema principal que mencion\u00f3 el ministro es el nivel cr\u00edtico del embalse de Mazar, un componente fundamental del sistema energ\u00e9tico nacional.<\/p>\n<p>Goncalves explic\u00f3 que mantener el embalse de Mazar es clave para controlar los cortes de energ\u00eda. Seg\u00fan indic\u00f3, cuando el nivel del embalse baja de 2.110 metros se pierde el control sobre el mismo, lo que podr\u00eda resultar en el cierre de una o incluso de ambas turbinas de la represa, dejando al pa\u00eds a\u00fan m\u00e1s vulnerable a la variabilidad de las lluvias.<\/p>\n<p>\u201cCuando llega a 2.110 metros, perdemos el control del mismo&#8230; y a partir de ese momento dependemos exclusivamente de lo que llueva\u201d, explic\u00f3.<\/p>\n<p>Ante este panorama, el ministro destac\u00f3 que solo existen dos alternativas para manejar la situaci\u00f3n: la primera, esperar que llueva, lo cual es una variable que escapa al control del Gobierno; y la segunda, implementar racionamientos de energ\u00eda.<\/p>\n<p>Goncalves se\u00f1al\u00f3 que la matriz energ\u00e9tica del pa\u00eds depende en un 72 % del agua, lo que complica a\u00fan m\u00e1s la crisis en medio de un contexto de cambio clim\u00e1tico. \u201cDependemos de que llueva en una matriz energ\u00e9tica que depende del 72 % del agua&#8230; estamos enfrent\u00e1ndonos a una situaci\u00f3n de cambio clim\u00e1tico global\u201d, expres\u00f3.<\/p>\n<p>Frente a esta situaci\u00f3n, se\u00f1al\u00f3 que el Gobierno ha optado por acelerar la contrataci\u00f3n de fuentes t\u00e9rmicas, principalmente a base de di\u00e9sel, para intentar paliar la crisis.<\/p>\n<p>Goncalves admiti\u00f3 que esta no es una soluci\u00f3n ideal, pero destac\u00f3 que es necesaria para garantizar el suministro de energ\u00eda en las actuales circunstancias.<\/p>\n<h2><strong>Fallas de comunicaci\u00f3n sobre los cortes<\/strong><\/h2>\n<p>El ministro tambi\u00e9n abord\u00f3 las quejas de la ciudadan\u00eda sobre la falta de previsibilidad en los cortes de energ\u00eda.<\/p>\n<p>Para mejorar la comunicaci\u00f3n, anunci\u00f3 que a partir de esta semana, cada viernes se informar\u00e1 sobre los cortes programados para la semana siguiente, con el fin de que las personas puedan planificar mejor sus actividades.<\/p>\n<p>No obstante, aclar\u00f3 que las proyecciones podr\u00edan variar en funci\u00f3n de las lluvias. \u201cSi est\u00e1 lloviendo y est\u00e1 produciendo esa energ\u00eda, no la vamos a perder, la vamos a entregar a la matriz y vamos a afectar menos a los hogares ecuatorianos\u201d, explic\u00f3, haciendo hincapi\u00e9 en que en algunos casos los cortes podr\u00edan ser m\u00e1s cortos de lo programado.<\/p>\n<p>Por otro lado, advirti\u00f3 que, si bien las lluvias pueden mitigar la crisis, tambi\u00e9n podr\u00edan generar problemas adicionales como el exceso de sedimentos en las centrales hidroel\u00e9ctricas, lo que podr\u00eda forzar cortes inesperados.<\/p>\n<p>En tales casos, se comprometieron a avisar a la ciudadan\u00eda con un margen de entre dos y cuatro horas. \u201cSi hay demasiado sedimento, se tiene que proteger la infraestructura y por lo tanto no estar\u00eda produciendo tanto\u201d, explic\u00f3 Goncalves.<\/p>\n<h2><strong>Cortes de energ\u00eda ser\u00e1n equitativos<\/strong><\/h2>\n<p>El ministro tambi\u00e9n aclar\u00f3 que a partir de esta semana, los cortes de energ\u00eda afectar\u00e1n a todo el pa\u00eds de manera equitativa.<\/p>\n<p>Hasta ahora, explic\u00f3, se hab\u00eda seguido un calendario t\u00e9cnico que priorizaba el uso de la energ\u00eda disponible en ciertas provincias. Sin embargo, dada la gravedad de la crisis, los racionamientos se aplicar\u00e1n de manera nacional. \u201cA partir de esta semana es todo el pa\u00eds\u201d, enfatiz\u00f3.<\/p>\n<p>Goncalves cerr\u00f3 su intervenci\u00f3n pidiendo la colaboraci\u00f3n de la ciudadan\u00eda y ofreciendo disculpas nuevamente por las molestias ocasionadas por los cortes.<\/p>\n<p>Cuando se le pregunt\u00f3 por una posible fecha para el fin de la crisis energ\u00e9tica, el ministro respondi\u00f3: \u201cSolo Dios sabe eso\u201d, reconociendo la imprevisibilidad del clima y el desaf\u00edo que representa la dependencia h\u00eddrica de la matriz energ\u00e9tica ecuatoriana.<\/p>\n","protected":false},"excerpt":{"rendered":"<p>El ministro de Energ\u00eda y Minas, Antonio Goncalves, ofreci\u00f3 la tarde de este lunes, 23 de septiembre, una conferencia de prensa en las instalaciones del Ministerio de Energ\u00eda y Minas, en el norte de Quito, donde actualiz\u00f3 la situaci\u00f3n h\u00eddrica y energ\u00e9tica del pa\u00eds. Durante su intervenci\u00f3n, Goncalves pidi\u00f3 disculpas por la demora en la [&hellip;]<\/p>\n","protected":false},"author":1,"featured_media":6622,"comment_status":"open","ping_status":"open","sticky":false,"template":"","format":"standard","meta":{"footnotes":""},"categories":[12],"tags":[],"_links":{"self":[{"href":"https:\/\/infozamoraec.com\/index.php\/wp-json\/wp\/v2\/posts\/6621"}],"collection":[{"href":"https:\/\/infozamoraec.com\/index.php\/wp-json\/wp\/v2\/posts"}],"about":[{"href":"https:\/\/infozamoraec.com\/index.php\/wp-json\/wp\/v2\/types\/post"}],"author":[{"embeddable":true,"href":"https:\/\/infozamoraec.com\/index.php\/wp-json\/wp\/v2\/users\/1"}],"replies":[{"embeddable":true,"href":"https:\/\/infozamoraec.com\/index.php\/wp-json\/wp\/v2\/comments?post=6621"}],"version-history":[{"count":1,"href":"https:\/\/infozamoraec.com\/index.php\/wp-json\/wp\/v2\/posts\/6621\/revisions"}],"predecessor-version":[{"id":6623,"href":"https:\/\/infozamoraec.com\/index.php\/wp-json\/wp\/v2\/posts\/6621\/revisions\/6623"}],"wp:featuredmedia":[{"embeddable":true,"href":"https:\/\/infozamoraec.com\/index.php\/wp-json\/wp\/v2\/media\/6622"}],"wp:attachment":[{"href":"https:\/\/infozamoraec.com\/index.php\/wp-json\/wp\/v2\/media?parent=6621"}],"wp:term":[{"taxonomy":"category","embeddable":true,"href":"https:\/\/infozamoraec.com\/index.php\/wp-json\/wp\/v2\/categories?post=6621"},{"taxonomy":"post_tag","embeddable":true,"href":"https:\/\/infozamoraec.com\/index.php\/wp-json\/wp\/v2\/tags?post=6621"}],"curies":[{"name":"wp","href":"https:\/\/api.w.org\/{rel}","templated":true}]}}