{"id":6617,"date":"2024-09-24T01:47:53","date_gmt":"2024-09-24T01:47:53","guid":{"rendered":"https:\/\/infozamoraec.com\/?p=6617"},"modified":"2024-09-24T01:47:53","modified_gmt":"2024-09-24T01:47:53","slug":"embalse-de-mazar-se-recupera","status":"publish","type":"post","link":"https:\/\/infozamoraec.com\/index.php\/2024\/09\/24\/embalse-de-mazar-se-recupera\/","title":{"rendered":"Embalse de Mazar se recupera"},"content":{"rendered":"<p><strong>\u00a0<\/strong>La cota (altitud) del embalse de Mazar, ubicada en la provincia del Azuay, al sur de Ecuador, ha presentado una recuperaci\u00f3n en las \u00faltimas horas en medio de los apagones que enfrenta el pa\u00eds.<\/p>\n<p>Para este lunes 23 de septiembre, antes del mediod\u00eda, se registraba en 2.117,41 metros sobre el nivel del mar (m.s.n.m.), frente a los 2.116,6 m.s.n.m. en los que estaba el domingo y a los 2.116,4 m.s.n.m. en los que se ubic\u00f3 el s\u00e1bado anterior. Aunque no llega al nivel de hace casi ocho d\u00edas, el martes 17 de septiembre, que estaba en 2.122 m.s.n.m.<\/p>\n<p>La cota en 2.117,41 metros sobre el nivel del mar es positiva si se toma en cuenta que la m\u00ednima es de 2.098 m.s.n.m., mientras que la m\u00e1xima es de 2.153 metros.<\/p>\n<p>El embalse de Mazar alimenta al complejo hidroel\u00e9ctrico Paute integral, que est\u00e1 conformado por las centrales Mazar, Molino y Sopladora, que juntos aportan con 1.757 megavatios (MW) al sistema nacional interconectado.<\/p>\n<p>El analista energ\u00e9tico Fernando Salinas indic\u00f3 que estas centrales son de generaci\u00f3n en cascada. En la cota m\u00e1s alta est\u00e1 Mazar, luego Molino y finalmente Sopladora.<\/p>\n<p>De acuerdo con Salinas, Mazar tiene un embalse de regulaci\u00f3n mensual que sirve para almacenar agua para las otras dos centrales ubicadas aguas abajo, por lo que el complejo representa alrededor del 35 % de la energ\u00eda generada en un a\u00f1o en el pa\u00eds.<\/p>\n<p>Cuando la cota estaba en 2.122 m.s.n.m., el pasado mi\u00e9rcoles, Salinas se\u00f1al\u00f3 que ese nivel era preocupante, lo que significaba que quedar\u00edan unos siete d\u00edas (contando desde ese mi\u00e9rcoles) para llegar a la cota m\u00ednima, puesto que \u201cdespu\u00e9s de esa cota m\u00ednima Mazar dejar\u00eda de operar\u201d.<\/p>\n<p>Con ese panorama, dijo que para no afectar la operaci\u00f3n de Molino y Sopladora \u201cse debe cuidar que ese embalse no se reduzca m\u00e1s, debe ingresar energ\u00eda t\u00e9rmica o entrar en los racionamientos para cuidar la reserva de agua\u201d.<\/p>\n<p>El ministro de Energ\u00eda y Minas, Antonio Goncalves, coment\u00f3 de la situaci\u00f3n cr\u00edtica en la que se encuentra el embalse de Mazar y la importancia de mantenerlo. \u201cLa tarea estrat\u00e9gica es mantener el embalse de Mazar para poder tener control sobre el sistema energ\u00e9tico nacional, poder tener control sobre los cortes, las horas de los cortes que se necesitan para mantener ese nivel\u201d, dijo este lunes 23 de septiembre durante una rueda de prensa.<\/p>\n<p>Se\u00f1al\u00f3 que el domingo 22 de septiembre el embalse de Mazar estaba en 2.114 m.s.n.m.y \u201ccuando llegue a 2.110 metros perdemos el control, donde se pueden cerrar las dos turbinas y a partir de ese momento dependemos exclusivamente de lo que llueva\u201d.<\/p>\n<p>De acuerdo con la Empresa P\u00fablica Municipal de Telecomunicaciones, Agua Potable, Alcantarillado y Saneamiento de Cuenca (Etapa), llevan 73 d\u00edas de sequ\u00eda hidrol\u00f3gica.<\/p>\n<p>Para este lunes 23 de septiembre, Etapa inform\u00f3 que tres de los cuatro r\u00edos que alimentan a las represas de Paute pasaron de estado de estiaje a bajo, Tomebamba con un caudal de 1,94 m\u00b3\/s; Yanuncay (1,37 m\u00b3\/s); y Mach\u00e1ngara (1,49 m\u00b3\/s). Mientras que el r\u00edo Tarqui continuaba en estado de estiaje, con un caudal de 0,48 m\u00b3\/s.<\/p>\n","protected":false},"excerpt":{"rendered":"<p>\u00a0La cota (altitud) del embalse de Mazar, ubicada en la provincia del Azuay, al sur de Ecuador, ha presentado una recuperaci\u00f3n en las \u00faltimas horas en medio de los apagones que enfrenta el pa\u00eds. Para este lunes 23 de septiembre, antes del mediod\u00eda, se registraba en 2.117,41 metros sobre el nivel del mar (m.s.n.m.), frente [&hellip;]<\/p>\n","protected":false},"author":1,"featured_media":6618,"comment_status":"open","ping_status":"open","sticky":false,"template":"","format":"standard","meta":{"footnotes":""},"categories":[12],"tags":[],"_links":{"self":[{"href":"https:\/\/infozamoraec.com\/index.php\/wp-json\/wp\/v2\/posts\/6617"}],"collection":[{"href":"https:\/\/infozamoraec.com\/index.php\/wp-json\/wp\/v2\/posts"}],"about":[{"href":"https:\/\/infozamoraec.com\/index.php\/wp-json\/wp\/v2\/types\/post"}],"author":[{"embeddable":true,"href":"https:\/\/infozamoraec.com\/index.php\/wp-json\/wp\/v2\/users\/1"}],"replies":[{"embeddable":true,"href":"https:\/\/infozamoraec.com\/index.php\/wp-json\/wp\/v2\/comments?post=6617"}],"version-history":[{"count":2,"href":"https:\/\/infozamoraec.com\/index.php\/wp-json\/wp\/v2\/posts\/6617\/revisions"}],"predecessor-version":[{"id":6620,"href":"https:\/\/infozamoraec.com\/index.php\/wp-json\/wp\/v2\/posts\/6617\/revisions\/6620"}],"wp:featuredmedia":[{"embeddable":true,"href":"https:\/\/infozamoraec.com\/index.php\/wp-json\/wp\/v2\/media\/6618"}],"wp:attachment":[{"href":"https:\/\/infozamoraec.com\/index.php\/wp-json\/wp\/v2\/media?parent=6617"}],"wp:term":[{"taxonomy":"category","embeddable":true,"href":"https:\/\/infozamoraec.com\/index.php\/wp-json\/wp\/v2\/categories?post=6617"},{"taxonomy":"post_tag","embeddable":true,"href":"https:\/\/infozamoraec.com\/index.php\/wp-json\/wp\/v2\/tags?post=6617"}],"curies":[{"name":"wp","href":"https:\/\/api.w.org\/{rel}","templated":true}]}}