{"id":6613,"date":"2024-09-24T01:43:43","date_gmt":"2024-09-24T01:43:43","guid":{"rendered":"https:\/\/infozamoraec.com\/?p=6613"},"modified":"2024-09-24T01:44:19","modified_gmt":"2024-09-24T01:44:19","slug":"lasso-y-gonzalez-urrutia-abordan-impacto-de-crisis-venezolana","status":"publish","type":"post","link":"https:\/\/infozamoraec.com\/index.php\/2024\/09\/24\/lasso-y-gonzalez-urrutia-abordan-impacto-de-crisis-venezolana\/","title":{"rendered":"Lasso y Gonz\u00e1lez Urrutia abordan impacto de crisis venezolana"},"content":{"rendered":"<p>El opositor venezolano\u00a0<strong><a title=\"Edmundo Gonz\u00e1lez\" href=\"https:\/\/www.larepublica.ec\/blog\/2024\/09\/08\/el-opositor-edmundo-gonzalez-urrutia-deja-venezuela-y-sale-al-exilio\/\" target=\"_blank\" rel=\"noopener\">Edmundo Gonz\u00e1lez<\/a><\/strong>\u00a0mantuvo una reuni\u00f3n este lunes en Madrid con el expresidente de Ecuador\u00a0<strong><a title=\"Guillemo Lasso\" href=\"https:\/\/x.com\/LassoGuillermo\" target=\"_blank\" rel=\"noopener\">Guillemo Lasso<\/a><\/strong>, con quien abord\u00f3 el impacto de la crisis venezolana en Latinoam\u00e9rica y en la que\u00a0<strong>el pol\u00edtico ecuatoriano le mostr\u00f3 su \u00abfirme respaldo en la lucha por la libertad y la democracia en su pa\u00eds\u00bb<\/strong>.<\/p>\n<p>En un mensaje en su cuenta de la red social X, Edmundo Gonz\u00e1lez inform\u00f3 de que ambos tuvieron\u00a0<strong>\u00abuna conversaci\u00f3n profunda sobre el impacto de la crisis venezolana en la regi\u00f3n\u00bb<\/strong>.<\/p>\n<p><strong>\u00abLa lucha por la democracia es la lucha de todos\u00bb,<\/strong>\u00a0afirm\u00f3 el opositor venezolano, que se present\u00f3 a las elecciones presidenciales de su pa\u00eds del pasado 28 de julio frente al actual mandatario, Nicol\u00e1s Maduro, y que se considera vencedor de las mismas, seg\u00fan las actas recabadas por la oposici\u00f3n.<\/p>\n<div class=\"google-auto-placed ap_container\">\n<div id=\"aswift_4_host\">El Consejo Nacional Electoral (CNE) proclam\u00f3 ganador a Maduro aunque no ha publicado los resultados desagregados por centro de votaci\u00f3n como exige la oposici\u00f3n mayoritaria, que considera fraudulento el anuncio oficial, y como han solicitado insistentemente numerosos pa\u00edses.<\/div>\n<p>Por su parte, el expresidente Lasso en la misma red social afirma que le reiter\u00f3 a Edmundo Gonz\u00e1lez y a la opositora Corina Machado su firme respaldo y su apuesta por la presi\u00f3n internacional para que se reconozca a Gonz\u00e1lez como presidente de Venezuela.<\/p>\n<\/div>\n<div>\n<p><strong>\u00abDebemos enfocarnos en el objetivo de asegurar la necesaria presi\u00f3n internacional que permita materializar la (toma de) posesi\u00f3n, el pr\u00f3ximo 10 de enero, del leg\u00edtimo presidente de los venezolanos\u00bb<\/strong>, escribe Lasso en X.<\/p>\n<p>Insiste\u00a0<strong>\u00aben la necesidad urgente de recuperar el estado de derecho, respetar el ordenamiento internacional, liberar a los presos pol\u00edticos y evitar un nuevo \u00e9xodo migratorio\u00bb<\/strong>\u00a0y concluye expresando su \u00abcompromiso en seguir apoyando todos los esfuerzos diplom\u00e1ticos para lograrlo\u00bb.<\/p>\n<div class=\"google-auto-placed ap_container\">\n<div id=\"aswift_5_host\">Edmundo Gonz\u00e1lez lleg\u00f3 a Espa\u00f1a el pasado 8 de septiembre para pedir asilo en este pa\u00eds, al considerar que en Venezuela sufr\u00eda persecuci\u00f3n pol\u00edtica y judicial despu\u00e9s de los comicios presidenciales.<\/div>\n<p>Dese entonces, ha mantenido encuentros con diversos pol\u00edticos espa\u00f1oles, desde el presidente del gobierno, el socialista Pedro S\u00e1nchez, hasta los expresidente del Ejecutivo Felipe Gonz\u00e1lez, Mariano Rajoy y Jos\u00e9 Mar\u00eda Aznar, o el l\u00edder del conservador Partido Popular (PP), Alberto N\u00fa\u00f1ez Feij\u00f3o.<\/p>\n<\/div>\n<h2 class=\"wp-block-heading\">FAES<\/h2>\n<p>Por su parte,\u00a0<strong>Lasso se encuentra en Madrid, donde ma\u00f1ana martes participar\u00e1 en el campus de la fundaci\u00f3n conservadora Faes<\/strong>, en un panel dedicado a la UE y Am\u00e9rica Latina, junto a los expresidentes\u00a0<strong>Andr\u00e9s Pastrana<\/strong>\u00a0(Colombia),\u00a0<strong>Felipe Calder\u00f3n<\/strong>\u00a0(M\u00e9xico) y el expresidente del Gobierno espa\u00f1ol\u00a0<strong>Jos\u00e9 Mar\u00eda Aznar.<\/strong>\u00a0EFE<\/p>\n<\/div>\n","protected":false},"excerpt":{"rendered":"<p>El opositor venezolano\u00a0Edmundo Gonz\u00e1lez\u00a0mantuvo una reuni\u00f3n este lunes en Madrid con el expresidente de Ecuador\u00a0Guillemo Lasso, con quien abord\u00f3 el impacto de la crisis venezolana en Latinoam\u00e9rica y en la que\u00a0el pol\u00edtico ecuatoriano le mostr\u00f3 su \u00abfirme respaldo en la lucha por la libertad y la democracia en su pa\u00eds\u00bb. En un mensaje en su [&hellip;]<\/p>\n","protected":false},"author":1,"featured_media":6615,"comment_status":"open","ping_status":"open","sticky":false,"template":"","format":"standard","meta":{"footnotes":""},"categories":[12],"tags":[],"_links":{"self":[{"href":"https:\/\/infozamoraec.com\/index.php\/wp-json\/wp\/v2\/posts\/6613"}],"collection":[{"href":"https:\/\/infozamoraec.com\/index.php\/wp-json\/wp\/v2\/posts"}],"about":[{"href":"https:\/\/infozamoraec.com\/index.php\/wp-json\/wp\/v2\/types\/post"}],"author":[{"embeddable":true,"href":"https:\/\/infozamoraec.com\/index.php\/wp-json\/wp\/v2\/users\/1"}],"replies":[{"embeddable":true,"href":"https:\/\/infozamoraec.com\/index.php\/wp-json\/wp\/v2\/comments?post=6613"}],"version-history":[{"count":2,"href":"https:\/\/infozamoraec.com\/index.php\/wp-json\/wp\/v2\/posts\/6613\/revisions"}],"predecessor-version":[{"id":6616,"href":"https:\/\/infozamoraec.com\/index.php\/wp-json\/wp\/v2\/posts\/6613\/revisions\/6616"}],"wp:featuredmedia":[{"embeddable":true,"href":"https:\/\/infozamoraec.com\/index.php\/wp-json\/wp\/v2\/media\/6615"}],"wp:attachment":[{"href":"https:\/\/infozamoraec.com\/index.php\/wp-json\/wp\/v2\/media?parent=6613"}],"wp:term":[{"taxonomy":"category","embeddable":true,"href":"https:\/\/infozamoraec.com\/index.php\/wp-json\/wp\/v2\/categories?post=6613"},{"taxonomy":"post_tag","embeddable":true,"href":"https:\/\/infozamoraec.com\/index.php\/wp-json\/wp\/v2\/tags?post=6613"}],"curies":[{"name":"wp","href":"https:\/\/api.w.org\/{rel}","templated":true}]}}