{"id":6603,"date":"2024-09-24T01:33:45","date_gmt":"2024-09-24T01:33:45","guid":{"rendered":"https:\/\/infozamoraec.com\/?p=6603"},"modified":"2024-09-24T01:33:45","modified_gmt":"2024-09-24T01:33:45","slug":"festival-de-la-cana-y-la-melcocha-se-vivira-este-fin-de-semana","status":"publish","type":"post","link":"https:\/\/infozamoraec.com\/index.php\/2024\/09\/24\/festival-de-la-cana-y-la-melcocha-se-vivira-este-fin-de-semana\/","title":{"rendered":"Festival de la Ca\u00f1a y la Melcocha se vivir\u00e1 este fin de semana."},"content":{"rendered":"<p style=\"font-weight: 400;\">El domingo 29 de septiembre, la parroquia Timbara del cant\u00f3n Zamora, se apresta a vivir el VIII Festival de la Ca\u00f1a y la Melcocha. En este d\u00eda marcado de dulce y sabor, la Prefectura de Zamora Chinchipe aportar\u00e1 con incentivos econ\u00f3micos para los concursos; adem\u00e1s, ejecut\u00f3 el adecentamiento del terreno para las jornadas deportivas y la log\u00edstica para el evento.<\/p>\n<p style=\"font-weight: 400;\"><strong>\u00a0<\/strong>Juan Guam\u00e1n, presidente de la Asociaci\u00f3n de Ca\u00f1icultores, dio la bienvenida e invit\u00f3 a la ciudadan\u00eda que asistan a este festival. Para Manuel Guam\u00e1n, presidente de Ca\u00f1a Dorada, indic\u00f3 que la unidad permite el \u00e9xito de las cosas,\u00a0<strong>\u201cdecirles que Timbara y nuestro barrio Buenaventura los espera con los brazos abiertos\u201d.<\/strong><\/p>\n<p style=\"font-weight: 400;\"><strong>\u00a0<\/strong>Por su parte, la prefecta Karla Re\u00e1tegui, dijo con alegr\u00eda que Timbara se viste de fiesta; asimismo, coment\u00f3 que esta actividad productiva es considerada una de las m\u00e1s grandes en la provincia.<\/p>\n<p style=\"font-weight: 400;\">Bajo este concepto y como instituci\u00f3n desde que se inici\u00f3 este evento, venimos incentivando y trabajando en apoyar a los derivados de la ca\u00f1a y as\u00ed garantizar una alimentaci\u00f3n sana para las personas y las familias.\u00a0<strong>\u201cDesde Prefectura todo nuestro aporte para seguir con estas actividades\u2026\u201d,<\/strong>\u00a0acot\u00f3 la autoridad provincial.<\/p>\n<p style=\"font-weight: 400;\">El presidente del Gad Parroquial, Jonathan Chiriboga, en su alocuci\u00f3n enfatiz\u00f3 que estos eventos permiten rescatar la tradici\u00f3n y cultura dulce,\u00a0<strong>\u201ccomo anfitriones, nos sentimos dichosos porque no es un simple evento, sino que aqu\u00ed se viven las tradiciones tur\u00edsticas y emprendedoras\u201d,<\/strong>\u00a0en este sentido, reiter\u00f3 el agradecimiento a las autoridades por ese apoyo permanente.<\/p>\n<p style=\"font-weight: 400;\"><strong>Programaci\u00f3n:<\/strong><\/p>\n<p style=\"font-weight: 400;\">Desde las 05:00 se iniciar\u00e1 el recorrido tur\u00edstico desde el centro de Timbara hacia el espacio de la feria y viceversa; luego el desayuno campestre; recorrido para el corte de la ca\u00f1a y ma\u00f1anazo; juegos deportivos (ecuavoley, III v\u00e1lida del Campeonato Austral de Motocross).<\/p>\n<p style=\"font-weight: 400;\">Concursos: pela la ca\u00f1a m\u00e1s r\u00e1pido; mejor panela granulada; mejor miel con quesillo; mejor jugo de ca\u00f1a; mejor panela m\u00e1s grande en bloque; stands derivados de la ca\u00f1a; mejor melcocha; mejor ayampaco de tilapia; artesan\u00eda en guadua y artesan\u00edas en shuar; batido de la melcocha categor\u00edas profesional y abierta.<\/p>\n<p style=\"font-weight: 400;\"><strong>\u00a0<\/strong><strong>Dato:<\/strong><\/p>\n<p style=\"font-weight: 400;\">Timbara se encuentra ubicado a 10 minutos de la cabecera cantonal Zamora.<\/p>\n","protected":false},"excerpt":{"rendered":"<p>El domingo 29 de septiembre, la parroquia Timbara del cant\u00f3n Zamora, se apresta a vivir el VIII Festival de la Ca\u00f1a y la Melcocha. En este d\u00eda marcado de dulce y sabor, la Prefectura de Zamora Chinchipe aportar\u00e1 con incentivos econ\u00f3micos para los concursos; adem\u00e1s, ejecut\u00f3 el adecentamiento del terreno para las jornadas deportivas y [&hellip;]<\/p>\n","protected":false},"author":1,"featured_media":6604,"comment_status":"open","ping_status":"open","sticky":false,"template":"","format":"standard","meta":{"footnotes":""},"categories":[9],"tags":[],"_links":{"self":[{"href":"https:\/\/infozamoraec.com\/index.php\/wp-json\/wp\/v2\/posts\/6603"}],"collection":[{"href":"https:\/\/infozamoraec.com\/index.php\/wp-json\/wp\/v2\/posts"}],"about":[{"href":"https:\/\/infozamoraec.com\/index.php\/wp-json\/wp\/v2\/types\/post"}],"author":[{"embeddable":true,"href":"https:\/\/infozamoraec.com\/index.php\/wp-json\/wp\/v2\/users\/1"}],"replies":[{"embeddable":true,"href":"https:\/\/infozamoraec.com\/index.php\/wp-json\/wp\/v2\/comments?post=6603"}],"version-history":[{"count":2,"href":"https:\/\/infozamoraec.com\/index.php\/wp-json\/wp\/v2\/posts\/6603\/revisions"}],"predecessor-version":[{"id":6606,"href":"https:\/\/infozamoraec.com\/index.php\/wp-json\/wp\/v2\/posts\/6603\/revisions\/6606"}],"wp:featuredmedia":[{"embeddable":true,"href":"https:\/\/infozamoraec.com\/index.php\/wp-json\/wp\/v2\/media\/6604"}],"wp:attachment":[{"href":"https:\/\/infozamoraec.com\/index.php\/wp-json\/wp\/v2\/media?parent=6603"}],"wp:term":[{"taxonomy":"category","embeddable":true,"href":"https:\/\/infozamoraec.com\/index.php\/wp-json\/wp\/v2\/categories?post=6603"},{"taxonomy":"post_tag","embeddable":true,"href":"https:\/\/infozamoraec.com\/index.php\/wp-json\/wp\/v2\/tags?post=6603"}],"curies":[{"name":"wp","href":"https:\/\/api.w.org\/{rel}","templated":true}]}}