{"id":6518,"date":"2024-09-18T02:57:53","date_gmt":"2024-09-18T02:57:53","guid":{"rendered":"https:\/\/infozamoraec.com\/?p=6518"},"modified":"2024-09-18T02:57:53","modified_gmt":"2024-09-18T02:57:53","slug":"colombia-ataque-en-base-militar-deja-2-muertos-y-27-heridos","status":"publish","type":"post","link":"https:\/\/infozamoraec.com\/index.php\/2024\/09\/18\/colombia-ataque-en-base-militar-deja-2-muertos-y-27-heridos\/","title":{"rendered":"Colombia: ataque en base militar deja 2 muertos y 27 heridos"},"content":{"rendered":"<p>Dos militare muertos y al menos 27 personas heridas fue el resultado este martes (27.09.2024) de un ataque con explosivos contra una base militar en el este de\u00a0<a class=\"internal-link\" href=\"https:\/\/www.dw.com\/es\/peque%C3%B1as-comunidades-de-colombia-contra-gigante-cartonero-de-europa\/a-70232807\" target=\"_blank\" rel=\"noopener\">Colombia<\/a>, atribuido al Ej\u00e9rcito de Liberaci\u00f3n Nacional (ELN), informaron autoridades, en medio de una crisis de negociaciones de paz con esa guerrilla.<\/p>\n<p>\u00abEn la acci\u00f3n terrorista\u00bb registrada en el poblado de Puerto Jord\u00e1n del departamento de Arauca, fronterizo con Venezuela, \u00abel GAO (Grupo Armado Organizado) ELN utiliz\u00f3 artefactos explosivos improvisados\u00bb, afirm\u00f3 el Ej\u00e9rcito colombiano en la red social X<\/p>\n<p>Un portavoz de las Fuerzas Militares afirm\u00f3 que al menos siete de los lesionados est\u00e1n en estado cr\u00edtico. El Ej\u00e9rcito inform\u00f3 sobre la muerte de dos militares.<\/p>\n<p>Varios militares afectados fueron trasladados en ambulancias al municipio de Arauca, capital del departamento hom\u00f3nimo, seg\u00fan im\u00e1genes captadas por la AFP. Otro grupo fue llevado a un hospital de Tame, en la misma regi\u00f3n.<\/p>\n<p>\u00abRechazo el cobarde ataque en Puerto Jord\u00e1n, Arauca, donde terroristas utilizaron artefactos explosivos artesanales lanzados desde una volqueta (cami\u00f3n)\u00bb, precis\u00f3 en X el comandante del Ej\u00e9rcito, general Luis Emilio Cardozo.<\/p>\n<p>Seg\u00fan las fuerzas militares, el ataque ocurri\u00f3 a menos de un kil\u00f3metro de una escuela donde hab\u00eda al menos 300 ni\u00f1os, por lo que lo considera una \u00abinfracci\u00f3n\u00bb al Derecho Internacional Humanitario<\/p>\n<h2>Ofensiva militar contra el ELN<\/h2>\n<p>En agosto, el ministro de Defensa, Iv\u00e1n Vel\u00e1squez, anunci\u00f3 la reanudaci\u00f3n de la ofensiva militar contra el ELN, tras el fin del cese al fuego que reg\u00eda desde 2023.<\/p>\n<p>La guerrilla decidi\u00f3 no retomar la tregua a inicios de ese mes, entre turbulencias en las negociaciones de paz con el gobierno del izquierdista Gustavo Petro.<\/p>\n<p>El ELN hab\u00eda se\u00f1alado \u00abincumplimientos\u00bb del Gobierno ante los acuerdos firmados durante los ciclos de negociaciones llevados a cabo desde finales de 2022 en Cuba, Venezuela y M\u00e9xico.<\/p>\n<p>La guerrilla exig\u00eda en ese entonces al gobierno su retiro de la lista de \u00abGrupos Armados Organizados\u00bb, una denominaci\u00f3n oficial para las principales agrupaciones delincuenciales.<\/p>\n<p>Petro, el primer presidente de izquierda en la historia de Colombia, intenta desactivar el conflicto armado de seis d\u00e9cadas dialogando con las guerrillas y algunas poderosas bandas criminales ligadas al narcotr\u00e1fico.<\/p>\n<p>En armas desde 1964, el\u00a0<a class=\"internal-link\" href=\"https:\/\/www.dw.com\/es\/eln\/t-36143769\" target=\"_blank\" rel=\"noopener\">ELN<\/a>\u00a0cuenta con unos 5.800 miembros, seg\u00fan inteligencia militar.<\/p>\n<p>El presidente colombiano, Gustavo Petro, conden\u00f3 el ataque y asegur\u00f3 que \u00abes una acci\u00f3n que cierra un proceso de paz con sangre\u00bb.<\/p>\n<p>El mandatario se refiri\u00f3 al ataque como un \u00abhecho dram\u00e1tico\u00bb el ataque con una volqueta llena de explosivos \u00abpuesta por el ELN, con quien est\u00e1bamos conversando de paz\u00bb.<\/p>\n<p>mg (afp, el espectador)<\/p>\n","protected":false},"excerpt":{"rendered":"<p>Dos militare muertos y al menos 27 personas heridas fue el resultado este martes (27.09.2024) de un ataque con explosivos contra una base militar en el este de\u00a0Colombia, atribuido al Ej\u00e9rcito de Liberaci\u00f3n Nacional (ELN), informaron autoridades, en medio de una crisis de negociaciones de paz con esa guerrilla. \u00abEn la acci\u00f3n terrorista\u00bb registrada en [&hellip;]<\/p>\n","protected":false},"author":1,"featured_media":6519,"comment_status":"open","ping_status":"open","sticky":false,"template":"","format":"standard","meta":{"footnotes":""},"categories":[8],"tags":[],"_links":{"self":[{"href":"https:\/\/infozamoraec.com\/index.php\/wp-json\/wp\/v2\/posts\/6518"}],"collection":[{"href":"https:\/\/infozamoraec.com\/index.php\/wp-json\/wp\/v2\/posts"}],"about":[{"href":"https:\/\/infozamoraec.com\/index.php\/wp-json\/wp\/v2\/types\/post"}],"author":[{"embeddable":true,"href":"https:\/\/infozamoraec.com\/index.php\/wp-json\/wp\/v2\/users\/1"}],"replies":[{"embeddable":true,"href":"https:\/\/infozamoraec.com\/index.php\/wp-json\/wp\/v2\/comments?post=6518"}],"version-history":[{"count":1,"href":"https:\/\/infozamoraec.com\/index.php\/wp-json\/wp\/v2\/posts\/6518\/revisions"}],"predecessor-version":[{"id":6520,"href":"https:\/\/infozamoraec.com\/index.php\/wp-json\/wp\/v2\/posts\/6518\/revisions\/6520"}],"wp:featuredmedia":[{"embeddable":true,"href":"https:\/\/infozamoraec.com\/index.php\/wp-json\/wp\/v2\/media\/6519"}],"wp:attachment":[{"href":"https:\/\/infozamoraec.com\/index.php\/wp-json\/wp\/v2\/media?parent=6518"}],"wp:term":[{"taxonomy":"category","embeddable":true,"href":"https:\/\/infozamoraec.com\/index.php\/wp-json\/wp\/v2\/categories?post=6518"},{"taxonomy":"post_tag","embeddable":true,"href":"https:\/\/infozamoraec.com\/index.php\/wp-json\/wp\/v2\/tags?post=6518"}],"curies":[{"name":"wp","href":"https:\/\/api.w.org\/{rel}","templated":true}]}}