{"id":6398,"date":"2024-09-13T03:44:06","date_gmt":"2024-09-13T03:44:06","guid":{"rendered":"https:\/\/infozamoraec.com\/?p=6398"},"modified":"2024-09-13T03:44:06","modified_gmt":"2024-09-13T03:44:06","slug":"venezuela-cita-al-embajador-espanol-en-medio-de-tensiones","status":"publish","type":"post","link":"https:\/\/infozamoraec.com\/index.php\/2024\/09\/13\/venezuela-cita-al-embajador-espanol-en-medio-de-tensiones\/","title":{"rendered":"Venezuela cita al embajador espa\u00f1ol en medio de tensiones"},"content":{"rendered":"<p>El gobierno de\u00a0<a class=\"internal-link\" href=\"https:\/\/www.dw.com\/es\/venezuela\/t-17410652\" target=\"_blank\" rel=\"noopener\">Venezuela<\/a>\u00a0llam\u00f3 a consultas al embajador de\u00a0<a class=\"internal-link\" href=\"https:\/\/www.dw.com\/es\/gonz%C3%A1lez-urrutia-y-la-escalada-entre-venezuela-y-espa%C3%B1a\/a-70203922\" target=\"_blank\" rel=\"noopener\">Espa\u00f1a<\/a>\u00a0en Caracas, Ram\u00f3n Santos, ante lo que consider\u00f3 \u00abinsolentes, injerencistas y groseras declaraciones\u00bb de la ministra espa\u00f1ola de Defensa, Margarita Robles, quien critic\u00f3 la \u00abpersecuci\u00f3n\u00bb y \u00ablimitaci\u00f3n de derechos fundamentales\u00bb que a su juicio sufre la oposici\u00f3n venezolana.<\/p>\n<p>El canciller venezolano Yv\u00e1n Gil dijo en su canal de Telegram que el embajador debe comparecer en la Canciller\u00eda el viernes a instancias del Ejecutivo chavista, que considera que las declaraciones de Robles \u00abapuntan a un deterioro de las relaciones entre ambos pa\u00edses\u00bb.<\/p>\n<p>El gobierno de Maduro, explic\u00f3 Gil, llam\u00f3 tambi\u00e9n a consultas a su embajadora en Madrid, Gladys Guti\u00e9rrez, aunque no precis\u00f3 si la cita es para la misma fecha de Santos o en otra.<\/p>\n<p>Tras la llegada del excandidato opositor\u00a0<a class=\"internal-link\" href=\"https:\/\/www.dw.com\/es\/gonz%C3%A1lez-urrutia-edmundo\/t-69822267\" target=\"_blank\" rel=\"noopener\">Edmundo Gonz\u00e1lez Urrutia<\/a>\u00a0a Espa\u00f1a, donde ha solicitado asilo, Robles manifest\u00f3 que lo que hace el gobierno del pa\u00eds caribe\u00f1o con \u00abmuch\u00edsimos\u00bb antichavistas es \u00abinaceptable e inasumible\u00bb.<\/p>\n<p>El mi\u00e9rcoles el Parlamento de Venezuela controlado por el chavismo propuso una resoluci\u00f3n para instar a Maduro a romper \u00abtodas las relaciones\u00bb diplom\u00e1ticas, consulares, econ\u00f3micas y comerciales con Espa\u00f1a, luego de que el\u00a0<a class=\"internal-link\" href=\"https:\/\/www.dw.com\/es\/el-congreso-espa%C3%B1ol-aprueba-reconocer-a-edmundo-gonz%C3%A1lez-como-presidente-de-venezuela\/a-70190817\" target=\"_blank\" rel=\"noopener\">Legislativo de la naci\u00f3n europea<\/a>, con el voto en contra del gobernante Partido Socialista Obrero Espa\u00f1ol (PSOE), acordara reconocer a Gonz\u00e1lez Urrutia como presidente electo.<\/p>\n<p>El\u00a0<a class=\"internal-link\" href=\"https:\/\/www.dw.com\/es\/pedro-s%C3%A1nchez-prev%C3%A9-reunirse-esta-semana-con-el-opositor-venezolano-edmundo-gonz%C3%A1lez-urrutia\/a-70175880\" target=\"_blank\" rel=\"noopener\">dirigente opositor<\/a>, que lleg\u00f3 a Madrid el domingo, pidi\u00f3 asilo debido a la \u00abpersecuci\u00f3n\u00bb que dijo sufrir despu\u00e9s de las presidenciales del 28 de julio, cuya victoria oficial fue otorgada a Maduro por el tribunal electoral y validada posteriormente por el Tribunal Supremo de Justicia.<\/p>\n<p>Sin embargo, la oposici\u00f3n insiste en que el vencedor fue Gonz\u00e1lez Urrutia, basado en el \u00ab83,5 % de las actas electorales\u00bb que asegura haber recabado mediante testigos y miembros de mesa el d\u00eda de las votaciones, lo que le dar\u00eda la victoria al antichavista por un amplio margen.<\/p>\n<p>gs (efe, afp)<\/p>\n","protected":false},"excerpt":{"rendered":"<p>El gobierno de\u00a0Venezuela\u00a0llam\u00f3 a consultas al embajador de\u00a0Espa\u00f1a\u00a0en Caracas, Ram\u00f3n Santos, ante lo que consider\u00f3 \u00abinsolentes, injerencistas y groseras declaraciones\u00bb de la ministra espa\u00f1ola de Defensa, Margarita Robles, quien critic\u00f3 la \u00abpersecuci\u00f3n\u00bb y \u00ablimitaci\u00f3n de derechos fundamentales\u00bb que a su juicio sufre la oposici\u00f3n venezolana. El canciller venezolano Yv\u00e1n Gil dijo en su canal de [&hellip;]<\/p>\n","protected":false},"author":1,"featured_media":6399,"comment_status":"open","ping_status":"open","sticky":false,"template":"","format":"standard","meta":{"footnotes":""},"categories":[8],"tags":[],"_links":{"self":[{"href":"https:\/\/infozamoraec.com\/index.php\/wp-json\/wp\/v2\/posts\/6398"}],"collection":[{"href":"https:\/\/infozamoraec.com\/index.php\/wp-json\/wp\/v2\/posts"}],"about":[{"href":"https:\/\/infozamoraec.com\/index.php\/wp-json\/wp\/v2\/types\/post"}],"author":[{"embeddable":true,"href":"https:\/\/infozamoraec.com\/index.php\/wp-json\/wp\/v2\/users\/1"}],"replies":[{"embeddable":true,"href":"https:\/\/infozamoraec.com\/index.php\/wp-json\/wp\/v2\/comments?post=6398"}],"version-history":[{"count":1,"href":"https:\/\/infozamoraec.com\/index.php\/wp-json\/wp\/v2\/posts\/6398\/revisions"}],"predecessor-version":[{"id":6400,"href":"https:\/\/infozamoraec.com\/index.php\/wp-json\/wp\/v2\/posts\/6398\/revisions\/6400"}],"wp:featuredmedia":[{"embeddable":true,"href":"https:\/\/infozamoraec.com\/index.php\/wp-json\/wp\/v2\/media\/6399"}],"wp:attachment":[{"href":"https:\/\/infozamoraec.com\/index.php\/wp-json\/wp\/v2\/media?parent=6398"}],"wp:term":[{"taxonomy":"category","embeddable":true,"href":"https:\/\/infozamoraec.com\/index.php\/wp-json\/wp\/v2\/categories?post=6398"},{"taxonomy":"post_tag","embeddable":true,"href":"https:\/\/infozamoraec.com\/index.php\/wp-json\/wp\/v2\/tags?post=6398"}],"curies":[{"name":"wp","href":"https:\/\/api.w.org\/{rel}","templated":true}]}}