{"id":6394,"date":"2024-09-13T03:40:46","date_gmt":"2024-09-13T03:40:46","guid":{"rendered":"https:\/\/infozamoraec.com\/?p=6394"},"modified":"2024-09-13T03:42:09","modified_gmt":"2024-09-13T03:42:09","slug":"peru-establece-tres-dias-de-luto-por-muerte-de-alberto-fujimori","status":"publish","type":"post","link":"https:\/\/infozamoraec.com\/index.php\/2024\/09\/13\/peru-establece-tres-dias-de-luto-por-muerte-de-alberto-fujimori\/","title":{"rendered":"Per\u00fa establece tres d\u00edas de luto por muerte de Alberto Fujimori"},"content":{"rendered":"<p>El f\u00e9retro con el cuerpo del expresidente peruano Alberto Fujimori, quien falleci\u00f3 este mi\u00e9rcoles a los 86 a\u00f1os, fue trasladado desde la casa de su hija Keiko hasta el Ministerio de Cultura, donde ser\u00e1 velado antes del entierro que se realizar\u00e1 el pr\u00f3ximo s\u00e1bado.<\/p>\n<p>El cortejo f\u00fanebre parti\u00f3 acompa\u00f1ado de una cuadrilla de cargadores que esper\u00f3 previamente en el frontis de la casa de la l\u00edder del partido Fuerza Popular y heredera pol\u00edtica del expresidente (1990-2000).<\/p>\n<p>Tras los portadores del ata\u00fad, aparecieron vestidos de luto y conmovidos los hermanos Keiko y Kenji Fujimori, dos de los hijos del exmandatario, que despidieron entre l\u00e1grimas a su padre.<\/p>\n<p>La vivienda se encuentra a pocas cuadras del edificio ministerial, la antigua sede del Museo de la Naci\u00f3n, en el distrito lime\u00f1o de San Borja.<\/p>\n<p>La hija del exmandatario confirm\u00f3 este mi\u00e9rcoles en la red social X que los restos de su padre ser\u00edan velados en el Ministerio de Cultura. y dijo esperan \u201ca todos quienes quieran despedirse de \u00e9l personalmente\u201d.<\/p>\n<p>En los alrededores de la sede ministerial se apreci\u00f3 a decenas de personas que llegaron hasta el lugar para asistir al velatorio.<\/p>\n<p>El Palacio de Gobierno y los edificios p\u00fablicos de Per\u00fa, entre ellos el Congreso, amanecieron este jueves con la bandera nacional a media asta, en se\u00f1al de duelo por la muerte del expresidente.<\/p>\n<p>Esta medida se tom\u00f3 en cumplimiento de los tres d\u00edas de duelo nacional que decret\u00f3 el Gobierno de la presidenta Dina Boluarte, mientras que el Congreso le rindi\u00f3 un minuto de silencio y luego suspendi\u00f3 la sesi\u00f3n plenaria de este jueves.<\/p>\n<p>En cumplimiento del decreto gubernamental, Fujimori recibir\u00e1 \u201clas honras f\u00fanebres que corresponde al presidente de la Rep\u00fablica en ejercicio\u201d, por lo que ser\u00e1 velado desde el mediod\u00eda de este jueves en el edificio del Ministerio de Cultura.<\/p>\n<p>El velatorio se desarrollar\u00e1 hasta el pr\u00f3ximo s\u00e1bado y ser\u00e1 resguardado por una guardia especial conformada por contingentes de las Fuerzas Armadas y la Polic\u00eda Nacional del Per\u00fa (PNP).<\/p>\n<p>El ceremonial de Estado peruano recoge que, al conocerse el fallecimiento de un expresidente, se izar\u00e1 a media asta el pabell\u00f3n nacional y se decretar\u00e1 duelo oficial el d\u00eda de la inhumaci\u00f3n de los restos mortales.<\/p>\n<p>Se\u00f1ala, adem\u00e1s, que el cortejo f\u00fanebre ser\u00e1 encabezado por la presidenta o su representante y los deudos del extinto.<\/p>\n<p>Fujimori, quien gobern\u00f3 el Per\u00fa entre 1990 y el 2000, falleci\u00f3 debido a complicaciones en su estado de salud, resquebrajada por un c\u00e1ncer a la lengua que padeci\u00f3 en los \u00faltimos a\u00f1os.<\/p>\n<p>El exgobernante abandon\u00f3 en diciembre pasado la c\u00e1rcel de Lima en la que cumpl\u00eda una condena de 25 a\u00f1os por delitos de lesa humanidad, luego de que el Tribunal Constitucional (TC) restituyera el indulto humanitario que le otorg\u00f3 en 2017 el entonces gobernante Pedro Pablo Kuczynski (2016-2018).<\/p>\n<p>Esa decisi\u00f3n fue adoptada en desaf\u00edo a las \u00f3rdenes de la Corte Interamericana de Derechos Humanos (Corte IDH).<\/p>\n","protected":false},"excerpt":{"rendered":"<p>El f\u00e9retro con el cuerpo del expresidente peruano Alberto Fujimori, quien falleci\u00f3 este mi\u00e9rcoles a los 86 a\u00f1os, fue trasladado desde la casa de su hija Keiko hasta el Ministerio de Cultura, donde ser\u00e1 velado antes del entierro que se realizar\u00e1 el pr\u00f3ximo s\u00e1bado. El cortejo f\u00fanebre parti\u00f3 acompa\u00f1ado de una cuadrilla de cargadores que [&hellip;]<\/p>\n","protected":false},"author":1,"featured_media":6397,"comment_status":"open","ping_status":"open","sticky":false,"template":"","format":"standard","meta":{"footnotes":""},"categories":[8],"tags":[],"_links":{"self":[{"href":"https:\/\/infozamoraec.com\/index.php\/wp-json\/wp\/v2\/posts\/6394"}],"collection":[{"href":"https:\/\/infozamoraec.com\/index.php\/wp-json\/wp\/v2\/posts"}],"about":[{"href":"https:\/\/infozamoraec.com\/index.php\/wp-json\/wp\/v2\/types\/post"}],"author":[{"embeddable":true,"href":"https:\/\/infozamoraec.com\/index.php\/wp-json\/wp\/v2\/users\/1"}],"replies":[{"embeddable":true,"href":"https:\/\/infozamoraec.com\/index.php\/wp-json\/wp\/v2\/comments?post=6394"}],"version-history":[{"count":1,"href":"https:\/\/infozamoraec.com\/index.php\/wp-json\/wp\/v2\/posts\/6394\/revisions"}],"predecessor-version":[{"id":6396,"href":"https:\/\/infozamoraec.com\/index.php\/wp-json\/wp\/v2\/posts\/6394\/revisions\/6396"}],"wp:featuredmedia":[{"embeddable":true,"href":"https:\/\/infozamoraec.com\/index.php\/wp-json\/wp\/v2\/media\/6397"}],"wp:attachment":[{"href":"https:\/\/infozamoraec.com\/index.php\/wp-json\/wp\/v2\/media?parent=6394"}],"wp:term":[{"taxonomy":"category","embeddable":true,"href":"https:\/\/infozamoraec.com\/index.php\/wp-json\/wp\/v2\/categories?post=6394"},{"taxonomy":"post_tag","embeddable":true,"href":"https:\/\/infozamoraec.com\/index.php\/wp-json\/wp\/v2\/tags?post=6394"}],"curies":[{"name":"wp","href":"https:\/\/api.w.org\/{rel}","templated":true}]}}