{"id":6357,"date":"2024-09-12T02:03:18","date_gmt":"2024-09-12T02:03:18","guid":{"rendered":"https:\/\/infozamoraec.com\/?p=6357"},"modified":"2024-09-12T02:03:18","modified_gmt":"2024-09-12T02:03:18","slug":"aprueban-reconocer-a-gonzalez-urrutia-como-presidente-electo","status":"publish","type":"post","link":"https:\/\/infozamoraec.com\/index.php\/2024\/09\/12\/aprueban-reconocer-a-gonzalez-urrutia-como-presidente-electo\/","title":{"rendered":"Aprueban reconocer a Gonz\u00e1lez Urrutia como presidente electo"},"content":{"rendered":"<p>El Congreso espa\u00f1ol insta al Gobierno del socialista\u00a0<a class=\"internal-link\" href=\"https:\/\/www.dw.com\/es\/s%C3%A1nchez-pedro\/t-38940946\" target=\"_blank\" rel=\"noopener\">Pedro S\u00e1nchez<\/a>\u00a0a reconocer a\u00a0<a class=\"internal-link\" href=\"https:\/\/www.dw.com\/es\/gonz%C3%A1lez-urrutia-edmundo\/t-69822267\" target=\"_blank\" rel=\"noopener\">Edmundo Gonz\u00e1lez Urrutia<\/a>\u00a0como presidente leg\u00edtimo de Venezuela con 177 votos a favor, procedentes de la derecha y de grupos nacionalistas, como los vascos, aliados habituales de los socialistas, que se han quedado en minor\u00eda con sus socios de izquierda.<\/p>\n<p>El Partido Popular, l\u00edder de la oposici\u00f3n, ha logrado sacar adelante este mi\u00e9rcoles (11.09.2024) una propuesta no de ley que insta al Gobierno a reconocer a\u00a0<a class=\"internal-link\" href=\"https:\/\/www.dw.com\/es\/edmundo-gonz%C3%A1lez-llama-a-redoblar-los-esfuerzos-por-la-democracia-en-venezuela\/a-70183476\" target=\"_blank\" rel=\"noopener\">Gonz\u00e1lez Urrutia<\/a>\u00a0como ganador de las elecciones de Venezuela del 28 de julio y exigir al r\u00e9gimen de\u00a0<a class=\"internal-link\" href=\"https:\/\/www.dw.com\/es\/nicol%C3%A1s-maduro\/t-17409336\" target=\"_blank\" rel=\"noopener\">Nicol\u00e1s Maduro<\/a>\u00a0el \u00abcese inmediato de la represi\u00f3n\u00bb.<\/p>\n<p>La iniciativa tambi\u00e9n pide, entre otras cosas, promover la \u00abreinstauraci\u00f3n\u00bb de sanciones a los dirigentes del r\u00e9gimen venezolano o apoyar la comparecencia del Centro Carter para que detalle sus conclusiones sobre los comicios.<\/p>\n<p>CP (efe, rtve)<\/p>\n","protected":false},"excerpt":{"rendered":"<p>El Congreso espa\u00f1ol insta al Gobierno del socialista\u00a0Pedro S\u00e1nchez\u00a0a reconocer a\u00a0Edmundo Gonz\u00e1lez Urrutia\u00a0como presidente leg\u00edtimo de Venezuela con 177 votos a favor, procedentes de la derecha y de grupos nacionalistas, como los vascos, aliados habituales de los socialistas, que se han quedado en minor\u00eda con sus socios de izquierda. El Partido Popular, l\u00edder de la [&hellip;]<\/p>\n","protected":false},"author":1,"featured_media":6358,"comment_status":"open","ping_status":"open","sticky":false,"template":"","format":"standard","meta":{"footnotes":""},"categories":[8],"tags":[],"_links":{"self":[{"href":"https:\/\/infozamoraec.com\/index.php\/wp-json\/wp\/v2\/posts\/6357"}],"collection":[{"href":"https:\/\/infozamoraec.com\/index.php\/wp-json\/wp\/v2\/posts"}],"about":[{"href":"https:\/\/infozamoraec.com\/index.php\/wp-json\/wp\/v2\/types\/post"}],"author":[{"embeddable":true,"href":"https:\/\/infozamoraec.com\/index.php\/wp-json\/wp\/v2\/users\/1"}],"replies":[{"embeddable":true,"href":"https:\/\/infozamoraec.com\/index.php\/wp-json\/wp\/v2\/comments?post=6357"}],"version-history":[{"count":1,"href":"https:\/\/infozamoraec.com\/index.php\/wp-json\/wp\/v2\/posts\/6357\/revisions"}],"predecessor-version":[{"id":6359,"href":"https:\/\/infozamoraec.com\/index.php\/wp-json\/wp\/v2\/posts\/6357\/revisions\/6359"}],"wp:featuredmedia":[{"embeddable":true,"href":"https:\/\/infozamoraec.com\/index.php\/wp-json\/wp\/v2\/media\/6358"}],"wp:attachment":[{"href":"https:\/\/infozamoraec.com\/index.php\/wp-json\/wp\/v2\/media?parent=6357"}],"wp:term":[{"taxonomy":"category","embeddable":true,"href":"https:\/\/infozamoraec.com\/index.php\/wp-json\/wp\/v2\/categories?post=6357"},{"taxonomy":"post_tag","embeddable":true,"href":"https:\/\/infozamoraec.com\/index.php\/wp-json\/wp\/v2\/tags?post=6357"}],"curies":[{"name":"wp","href":"https:\/\/api.w.org\/{rel}","templated":true}]}}