{"id":6354,"date":"2024-09-12T02:01:47","date_gmt":"2024-09-12T02:01:47","guid":{"rendered":"https:\/\/infozamoraec.com\/?p=6354"},"modified":"2024-09-12T02:01:47","modified_gmt":"2024-09-12T02:01:47","slug":"venezolanos-piden-a-lula-mediar-en-favor-de-presos-politicos","status":"publish","type":"post","link":"https:\/\/infozamoraec.com\/index.php\/2024\/09\/12\/venezolanos-piden-a-lula-mediar-en-favor-de-presos-politicos\/","title":{"rendered":"Venezolanos piden a Lula mediar en favor de presos pol\u00edticos"},"content":{"rendered":"<p>Decenas de venezolanos marcharon este mi\u00e9rcoles (11.09.2024) hasta la Embajada de Brasil en Caracas para entregar una carta dirigida al presidente brasile\u00f1o, Luiz In\u00e1cio Lula da Silva, en la que denuncian \u00abactos de terrorismo de Estado\u00bb por parte del Gobierno de\u00a0<a class=\"internal-link\" href=\"https:\/\/www.dw.com\/es\/la-ue-mantiene-que-no-reconoce-a-maduro-y-aguarda-las-actas-electorales\/a-70192759\" target=\"_blank\" rel=\"noopener\">Nicol\u00e1s Maduro<\/a>\u00a0y piden su mediaci\u00f3n en favor de la \u00ablibertad plena\u00bb de los \u00abpresos pol\u00edticos\u00bb en el pa\u00eds caribe\u00f1o.<\/p>\n<p>En el documento, dicen a Lula -hist\u00f3rico aliado del chavismo- que \u00aben\u00a0<a class=\"internal-link\" href=\"https:\/\/www.dw.com\/es\/venezuela\/t-17410652\" target=\"_blank\" rel=\"noopener\">Venezuela<\/a>\u00a0se est\u00e1n cometiendo actos de terrorismo de Estado como secuela de la p\u00e9rdida de legitimidad legal y popular del actual Gobierno\u00bb tras \u00absu derrota\u00bb en las elecciones del 28 de julio, en las que Maduro fue proclamado ganador, lo que consideran un \u00abfraude\u00bb.<\/p>\n<p>En ese sentido, prosiguen, alertan de \u00abun vasto plan de acallar, reprimir y criminalizar cualquier voz que disienta de la postura oficial\u00bb.<\/p>\n<p>\u00abEl actual\u00a0<a class=\"internal-link\" href=\"https:\/\/www.dw.com\/es\/maduro-profundiza-el-clima-de-terror-en-venezuela\/a-70170954\" target=\"_blank\" rel=\"noopener\">Gobierno venezolano<\/a>\u00a0lleva adelante una ola represiva y de persecuci\u00f3n pol\u00edtica a escala masiva, mediante detenciones arbitrarias y fuera de ley, asesinatos, torturas, violencia sexual, desapariciones forzadas y otros tratos inhumanos, que ha llevado a que m\u00e1s de 2.400 venezolanos se encuentren injustamente privados de libertad\u00bb, reza el escrito consignado en el Embajada.<\/p>\n<p>Diego Casanova, quien se identific\u00f3 como familiar de Jos\u00e9 P\u00e9rez, preso en \u00abel contexto poselectoral\u00bb, indic\u00f3 que en el documento, que -asegur\u00f3- fue recibido por un \u00abfuncionario\u00bb de la Embajada, piden \u00abla libertad plena y sin condiciones de todos los presos pol\u00edticos\u00bb y el \u00abcese inmediato de la represi\u00f3n, la persecuci\u00f3n\u00bb y el \u00abhostigamiento\u00bb.<\/p>\n<p>\u00ab\u00c9l (Lula) conoce muy bien y sabe, de primera mano, lo que es ser preso pol\u00edtico, y por eso le solicitamos su intermediaci\u00f3n\u00bb, expres\u00f3 Casanova, quien denunci\u00f3 que a los prisioneros por razones \u00abpol\u00edticas\u00bb en el pa\u00eds caribe\u00f1o \u00abse les violentan todos los derechos humanos\u00bb.<\/p>\n<p><strong>Gestiones necesarias<\/strong><\/p>\n<p>Asimismo, agreg\u00f3, solicitan las \u00abgestiones necesarias\u00bb para otorgar salvoconductos a los seis opositores refugiados en la residencia de la Embajada de Argentina en Caracas, que estuvo bajo protecci\u00f3n de Brasil desde agosto hasta el fin de semana pasado, cuando el Gobierno venezolano revoc\u00f3 la autorizaci\u00f3n, aunque seguir\u00e1 bajo resguardo brasile\u00f1o mientras no se le adjudique este rol a otro pa\u00eds que el Ejecutivo de Maduro acepte.<\/p>\n<p>Por su parte, Andreina Baduel, hija del exministro de Defensa Ra\u00fal Isaias Baduel, quien -dijo- fue \u00abasesinado en custodia por el r\u00e9gimen\u00bb, y hermana de Adolfo Baduel, hoy \u00abpreso pol\u00edtico torturado\u00bb, explic\u00f3 que se movilizaron para pedir a Lula su \u00abinmediata mediaci\u00f3n\u00bb debido a que \u00aben Venezuela sigue siendo criminalizada la disidencia\u00bb.<\/p>\n<p>\u00abNo descansaremos hasta que cese tanta crueldad y, sobre todo, en el prop\u00f3sito de justicia y libertad\u00bb, subray\u00f3 Baduel, quien denunci\u00f3 que su hermano \u00abha perdido mucho peso\u00bb y \u00absu condici\u00f3n de salud ha desmejorado much\u00edsimo\u00bb.<\/p>\n<p>Lula, quien dijo este mi\u00e9rcoles que espera que \u00abVenezuela vuelva a la normalidad\u00bb, no ha reconocido la victoria de Maduro ni la del abanderado de la oposici\u00f3n mayoritaria, Edmundo Gonz\u00e1lez Urrutia -exiliado desde el domingo en Espa\u00f1a-, reivindicada por la mayor coalici\u00f3n antichavista, y ha insistido en la publicaci\u00f3n de las actas electorales de forma desglosada que prueben qui\u00e9n ha ganado.<\/p>\n<p>ct (efe, voz de am\u00e9rica)<\/p>\n","protected":false},"excerpt":{"rendered":"<p>Decenas de venezolanos marcharon este mi\u00e9rcoles (11.09.2024) hasta la Embajada de Brasil en Caracas para entregar una carta dirigida al presidente brasile\u00f1o, Luiz In\u00e1cio Lula da Silva, en la que denuncian \u00abactos de terrorismo de Estado\u00bb por parte del Gobierno de\u00a0Nicol\u00e1s Maduro\u00a0y piden su mediaci\u00f3n en favor de la \u00ablibertad plena\u00bb de los \u00abpresos pol\u00edticos\u00bb [&hellip;]<\/p>\n","protected":false},"author":1,"featured_media":6355,"comment_status":"open","ping_status":"open","sticky":false,"template":"","format":"standard","meta":{"footnotes":""},"categories":[8],"tags":[],"_links":{"self":[{"href":"https:\/\/infozamoraec.com\/index.php\/wp-json\/wp\/v2\/posts\/6354"}],"collection":[{"href":"https:\/\/infozamoraec.com\/index.php\/wp-json\/wp\/v2\/posts"}],"about":[{"href":"https:\/\/infozamoraec.com\/index.php\/wp-json\/wp\/v2\/types\/post"}],"author":[{"embeddable":true,"href":"https:\/\/infozamoraec.com\/index.php\/wp-json\/wp\/v2\/users\/1"}],"replies":[{"embeddable":true,"href":"https:\/\/infozamoraec.com\/index.php\/wp-json\/wp\/v2\/comments?post=6354"}],"version-history":[{"count":1,"href":"https:\/\/infozamoraec.com\/index.php\/wp-json\/wp\/v2\/posts\/6354\/revisions"}],"predecessor-version":[{"id":6356,"href":"https:\/\/infozamoraec.com\/index.php\/wp-json\/wp\/v2\/posts\/6354\/revisions\/6356"}],"wp:featuredmedia":[{"embeddable":true,"href":"https:\/\/infozamoraec.com\/index.php\/wp-json\/wp\/v2\/media\/6355"}],"wp:attachment":[{"href":"https:\/\/infozamoraec.com\/index.php\/wp-json\/wp\/v2\/media?parent=6354"}],"wp:term":[{"taxonomy":"category","embeddable":true,"href":"https:\/\/infozamoraec.com\/index.php\/wp-json\/wp\/v2\/categories?post=6354"},{"taxonomy":"post_tag","embeddable":true,"href":"https:\/\/infozamoraec.com\/index.php\/wp-json\/wp\/v2\/tags?post=6354"}],"curies":[{"name":"wp","href":"https:\/\/api.w.org\/{rel}","templated":true}]}}