{"id":6351,"date":"2024-09-12T02:00:02","date_gmt":"2024-09-12T02:00:02","guid":{"rendered":"https:\/\/infozamoraec.com\/?p=6351"},"modified":"2024-09-12T02:00:02","modified_gmt":"2024-09-12T02:00:02","slug":"fallece-el-expresidente-de-peru-alberto-fujimori","status":"publish","type":"post","link":"https:\/\/infozamoraec.com\/index.php\/2024\/09\/12\/fallece-el-expresidente-de-peru-alberto-fujimori\/","title":{"rendered":"Fallece el expresidente de Per\u00fa Alberto Fujimori"},"content":{"rendered":"<p>El expresidente de\u00a0<a class=\"internal-link\" href=\"https:\/\/www.dw.com\/es\/per%C3%BA\/t-17409849\" target=\"_blank\" rel=\"noopener\">Per\u00fa<\/a>\u00a0<a class=\"internal-link\" href=\"https:\/\/www.dw.com\/es\/alberto-fujimori\/t-17412353\" target=\"_blank\" rel=\"noopener\">Alberto Fujimori<\/a>\u00a0falleci\u00f3 este mi\u00e9rcoles (11.09.2024) en su residencia de Lima a los 86 a\u00f1os, tras \u00abuna larga batalla contra el c\u00e1ncer\u00bb, confirm\u00f3 su hija y heredera pol\u00edtica Keiko Fujimori.<\/p>\n<p>\u00abDespu\u00e9s de una larga batalla contra el c\u00e1ncer, nuestro padre, Alberto Fujimori acaba de partir al encuentro del Se\u00f1or. Pedimos a quienes lo apreciaron nos acompa\u00f1en con una oraci\u00f3n por el eterno descanso de su alma. Gracias por tanto pap\u00e1\u00bb, public\u00f3 Keiko Fujimori en la red social X, en un mensaje que firm\u00f3 junto a sus hermanos Hiro, Sachie y Kenji.<\/p>\n<p>Fujimori falleci\u00f3 en la casa lime\u00f1a de su hija Keiko. Lo hizo en libertad tras una pol\u00e9mica decisi\u00f3n que le permiti\u00f3 abandonar la prisi\u00f3n en diciembre pasado.<\/p>\n<h2>El aut\u00f3crata que dividi\u00f3 a Per\u00fa<\/h2>\n<p>Apodado \u00abChino\u00bb por sus rasgos orientales, a pesar de ser descendiente de japoneses, naci\u00f3 en 1938 y ejerci\u00f3 un gobierno de mano dura en Per\u00fa entre 1990 y 2000.<\/p>\n<p>Irrumpi\u00f3 en la pol\u00edtica en 1990 y, desde entonces, dividi\u00f3 a la sociedad de Per\u00fa. Esa divisi\u00f3n, que pervive hasta el d\u00eda de hoy, separa a los que ensalzan su figura, al considerar que salv\u00f3 a su pa\u00eds del terrorismo y el colapso econ\u00f3mico, y los que remarcan que fue un aut\u00f3crata que cometi\u00f3 graves violaciones a los derechos humanos.<\/p>\n<p>En la primera ocasi\u00f3n venci\u00f3 como candidato antiestablecimiento al escritor Mario Vargas Llosa y fue reelegido otras dos veces en medio de denuncias de fraude.<\/p>\n<p>Fujimori dio el 5 de abril de 1992 un golpe de Estado con el apoyo de las Fuerzas Armadas que lo llev\u00f3 a asumir todos los poderes del Estado, luego de cerrar el Congreso e intervenir el Poder Judicial y el Tribunal de Garant\u00edas Constitucionales.<\/p>\n<p>Tras la presi\u00f3n de pa\u00edses y organismos internacionales como la Organizaci\u00f3n de Estados Americanos (OEA), el gobernante convoc\u00f3 a un Congreso Constituyente que promulg\u00f3 en 1993 una nueva Constituci\u00f3n Pol\u00edtica, que a\u00fan est\u00e1 vigente.<\/p>\n<h2>Un divorcio pol\u00e9mico y una nueva primera dama<\/h2>\n<p>En 1994, se divorci\u00f3 de Susana Higuchi tras un conflicto familiar que incluy\u00f3 la denuncia de su esposa ante el Congreso de que hab\u00eda sido torturada por los servicios de seguridad, y llev\u00f3 a su hija mayor, Keiko, a convertirse en primera dama del pa\u00eds, cuando solo ten\u00eda 19 a\u00f1os.<\/p>\n<p>Higuchi falleci\u00f3 en diciembre de 2021 a los 71 a\u00f1os, de un c\u00e1ncer de pulm\u00f3n que padeci\u00f3 durante los \u00faltimos a\u00f1os.<\/p>\n<p>Los simpatizantes de Fujimori lo admiran por haber derrotado durante su gesti\u00f3n a los grupos terroristas Sendero Luminoso y MRTA, y por haber detenido la \u00abhiperinflaci\u00f3n\u00bb que hered\u00f3 del primer gobierno de Al\u00e1n Garc\u00eda (1985-1990).<\/p>\n<p>Sin embargo, durante su mandato tambi\u00e9n se cometieron graves violaciones a los derechos humanos y se gest\u00f3 la mayor red de corrupci\u00f3n de la historia peruana, liderada por su asesor \u00aben la sombra\u00bb Vladimiro Montesinos, quien tambi\u00e9n est\u00e1 preso.<\/p>\n<p>Con la difusi\u00f3n, en septiembre de 2000, de un v\u00eddeo en el que se ve\u00eda a Montesinos entregando dinero a un congresista opositor, se vio obligado a anunciar que iba a convocar a nuevas elecciones, a las que asegur\u00f3 que no se presentar\u00eda.<\/p>\n<div class=\"render-container rich-text-ad\"><\/div>\n<h2>Renuncia por fax desde Jap\u00f3n<\/h2>\n<p>Dos meses despu\u00e9s, escap\u00f3 del pa\u00eds y renunci\u00f3 a la Presidencia mediante un fax enviado desde Jap\u00f3n, donde permaneci\u00f3 hasta 2005, cuando viaj\u00f3 a Chile, que lo extradit\u00f3 a Per\u00fa en 2007.<\/p>\n<p>El exgobernante cumpli\u00f3 su condena desde 2009 en una prisi\u00f3n policial de Lima adaptada exclusivamente para \u00e9l y que, seg\u00fan sus opositores, era una \u00abc\u00e1rcel dorada\u00bb que no se comparaba a las condiciones del resto de la poblaci\u00f3n penitenciaria del pa\u00eds y donde recibi\u00f3 continuamente a sus familiares y partidarios.<\/p>\n<p>En esa prisi\u00f3n fue ganando de manera progresiva compa\u00f1eros de reclusi\u00f3n. Durante meses la comparti\u00f3 con Alejandro Toledo, su principal opositor al final de su mandato, y Pedro Castillo, cuyo mensaje golpista record\u00f3 a muchos el pronunciado por Fujimori en 1992.<\/p>\n<p>Durante los \u00faltimos a\u00f1os, \u00abel Chino\u00bb fue operado en seis ocasiones de una dolencia precancer\u00edgena en la lengua, conocida como leucoplasia, y tambi\u00e9n afront\u00f3 problemas estomacales, vasculares, de presi\u00f3n arterial y pulmonares.<\/p>\n<h2>El indulto de Kuczynski<\/h2>\n<p>En 2017, el entonces presidente Pedro Pablo Kuczynski lo indult\u00f3 con el argumento de que una junta m\u00e9dica hab\u00eda determinado que padec\u00eda una \u00abenfermedad progresiva, degenerativa e incurable\u00bb y que las condiciones carcelarias implicaban grave riesgo para su vida.<\/p>\n<p>Investigaciones posteriores se\u00f1alaron que el indulto fue otorgado como consecuencia de un aparente acuerdo pol\u00edtico con el hijo menor del exmandatario, el entonces legislador Kenji Fujimori, para evitar que prospere la destituci\u00f3n por acusaciones de corrupci\u00f3n contra Kuczynski, quien finalmente renunci\u00f3 al cargo en marzo de 2018.<\/p>\n<p>La gracia presidencial fue anulada posteriormente por un juez y Fujimori debi\u00f3 volver a la c\u00e1rcel, despu\u00e9s de que Kuczynski dejar\u00e1 el cargo y Kenji fuera desaforado por el Congreso en medio de un duro enfrentamiento pol\u00edtico con su hermana Keiko.<\/p>\n<p>En octubre de 2021, fue sometido a un cateterismo en el coraz\u00f3n en una exclusiva cl\u00ednica de Lima, para aliviar una obstrucci\u00f3n en una arteria, y en noviembre volvi\u00f3 a ser internado por complicaciones por una fibrosis pulmonar.<\/p>\n<p>A esas enfermedades sum\u00f3 un nuevo tumor maligno que le fue detectado en mayo pasado.<\/p>\n<p>jc (efe, afp, La Rep\u00fablica, El Comercio)<\/p>\n","protected":false},"excerpt":{"rendered":"<p>El expresidente de\u00a0Per\u00fa\u00a0Alberto Fujimori\u00a0falleci\u00f3 este mi\u00e9rcoles (11.09.2024) en su residencia de Lima a los 86 a\u00f1os, tras \u00abuna larga batalla contra el c\u00e1ncer\u00bb, confirm\u00f3 su hija y heredera pol\u00edtica Keiko Fujimori. \u00abDespu\u00e9s de una larga batalla contra el c\u00e1ncer, nuestro padre, Alberto Fujimori acaba de partir al encuentro del Se\u00f1or. Pedimos a quienes lo apreciaron [&hellip;]<\/p>\n","protected":false},"author":1,"featured_media":6352,"comment_status":"open","ping_status":"open","sticky":false,"template":"","format":"standard","meta":{"footnotes":""},"categories":[8],"tags":[],"_links":{"self":[{"href":"https:\/\/infozamoraec.com\/index.php\/wp-json\/wp\/v2\/posts\/6351"}],"collection":[{"href":"https:\/\/infozamoraec.com\/index.php\/wp-json\/wp\/v2\/posts"}],"about":[{"href":"https:\/\/infozamoraec.com\/index.php\/wp-json\/wp\/v2\/types\/post"}],"author":[{"embeddable":true,"href":"https:\/\/infozamoraec.com\/index.php\/wp-json\/wp\/v2\/users\/1"}],"replies":[{"embeddable":true,"href":"https:\/\/infozamoraec.com\/index.php\/wp-json\/wp\/v2\/comments?post=6351"}],"version-history":[{"count":1,"href":"https:\/\/infozamoraec.com\/index.php\/wp-json\/wp\/v2\/posts\/6351\/revisions"}],"predecessor-version":[{"id":6353,"href":"https:\/\/infozamoraec.com\/index.php\/wp-json\/wp\/v2\/posts\/6351\/revisions\/6353"}],"wp:featuredmedia":[{"embeddable":true,"href":"https:\/\/infozamoraec.com\/index.php\/wp-json\/wp\/v2\/media\/6352"}],"wp:attachment":[{"href":"https:\/\/infozamoraec.com\/index.php\/wp-json\/wp\/v2\/media?parent=6351"}],"wp:term":[{"taxonomy":"category","embeddable":true,"href":"https:\/\/infozamoraec.com\/index.php\/wp-json\/wp\/v2\/categories?post=6351"},{"taxonomy":"post_tag","embeddable":true,"href":"https:\/\/infozamoraec.com\/index.php\/wp-json\/wp\/v2\/tags?post=6351"}],"curies":[{"name":"wp","href":"https:\/\/api.w.org\/{rel}","templated":true}]}}