{"id":6333,"date":"2024-09-12T01:41:38","date_gmt":"2024-09-12T01:41:38","guid":{"rendered":"https:\/\/infozamoraec.com\/?p=6333"},"modified":"2024-09-12T01:41:38","modified_gmt":"2024-09-12T01:41:38","slug":"federacion-deportiva-de-zamora-celebro-sus-61-anos-de-vida-institucional","status":"publish","type":"post","link":"https:\/\/infozamoraec.com\/index.php\/2024\/09\/12\/federacion-deportiva-de-zamora-celebro-sus-61-anos-de-vida-institucional\/","title":{"rendered":"Federaci\u00f3n Deportiva de Zamora celebr\u00f3 sus 61 a\u00f1os de vida institucional"},"content":{"rendered":"<p>El 2024 marca un hito significativo para la Federaci\u00f3n Deportiva Provincial de Zamora Chinchipe, ya que celebra 61 a\u00f1os de su fundaci\u00f3n. Siendo un pilar fundamental para el desarrollo del deporte en la provincia, promoviendo la pr\u00e1ctica de diversas disciplinas y fomentando el talento local.<\/p>\n<p>Este martes 10 de septiembre en las nuevas instalaciones del Complejo Deportivo Gimnasio y Sala de Potenciaci\u00f3n, autoridades, directivos y personal del organismo deportivo se dieron cita para rendir homenaje a esta noble instituci\u00f3n que se crea el 10 septiembre 1963 con el objetivo de formar campeones.<\/p>\n<p>En su intervenci\u00f3n Richard Ramos, presidente encargado de FedeZamora destac\u00f3 el trabajo que se ha realizado en el trascurso de los a\u00f1os \u201cGracias a los fundadores de esta instituci\u00f3n seguimos trabajando por el deporte de la provincia, hemos logrado tener representantes nacionales, sudamericanos, panamericanos y ol\u00edmpicos, lo cual nos llena de orgullo, pese a las adversidades continuaremos en esta gran labor para sacar adelante a nuestra provincia\u00b7, manifest\u00f3 la autoridad.<\/p>\n<p>Por su parte Lorena Vargas Directora Zonal 7 del Ministerio del Deporte felicit\u00f3 a todos quienes conforman la instituci\u00f3n e invit\u00f3 a seguir consolidando el deporte zamorano y formando nuevos campeones \u201cComo Ministerio nuestro compromiso de trabajar en conjunto, tenemos todas las condiciones y unidos saldremos adelante\u201d destac\u00f3 Vargas.<\/p>\n<p>A lo largo de estas seis d\u00e9cadas, la Federaci\u00f3n Deportiva Provincial de Zamora Chinchipe ha trabajado incansablemente para impulsar el deporte en todas sus categor\u00edas, llegando hasta el alto rendimiento permitiendo que sus atletas logren competir a nivel provincial, nacional e internacional.<\/p>\n<p>La Federaci\u00f3n tambi\u00e9n ha buscado mejorar la infraestructura deportiva en la provincia, asegurando que los j\u00f3venes tengan acceso a instalaciones adecuadas para su formaci\u00f3n y desarrollo, siendo un punto clave para el crecimiento de la ni\u00f1ez y juventud zamorana.<\/p>\n<p>Dentro de las actividades Federaci\u00f3n Deportiva organiz\u00f3 eventos deportivos con varias instituciones de la localidad en las disciplinas de baloncesto y f\u00fatbol compartiendo experiencias deportivas entre deportistas actuales y ex glorias del deporte.<\/p>\n<p>La celebraci\u00f3n de los 61 a\u00f1os de vida institucional del organismo deportivo ha permitido hacer una reflexi\u00f3n sobre el pasado, reconocer los logros alcanzados y proyectar un futuro prometedor para el deporte en la provincia, con el objetivo de seguir fomentando la pr\u00e1ctica deportiva y formar nuevos talentos que representen a Zamora Chinchipe a nivel nacional e internacional.<\/p>\n","protected":false},"excerpt":{"rendered":"<p>El 2024 marca un hito significativo para la Federaci\u00f3n Deportiva Provincial de Zamora Chinchipe, ya que celebra 61 a\u00f1os de su fundaci\u00f3n. Siendo un pilar fundamental para el desarrollo del deporte en la provincia, promoviendo la pr\u00e1ctica de diversas disciplinas y fomentando el talento local. Este martes 10 de septiembre en las nuevas instalaciones del [&hellip;]<\/p>\n","protected":false},"author":1,"featured_media":6334,"comment_status":"open","ping_status":"open","sticky":false,"template":"","format":"standard","meta":{"footnotes":""},"categories":[9],"tags":[],"_links":{"self":[{"href":"https:\/\/infozamoraec.com\/index.php\/wp-json\/wp\/v2\/posts\/6333"}],"collection":[{"href":"https:\/\/infozamoraec.com\/index.php\/wp-json\/wp\/v2\/posts"}],"about":[{"href":"https:\/\/infozamoraec.com\/index.php\/wp-json\/wp\/v2\/types\/post"}],"author":[{"embeddable":true,"href":"https:\/\/infozamoraec.com\/index.php\/wp-json\/wp\/v2\/users\/1"}],"replies":[{"embeddable":true,"href":"https:\/\/infozamoraec.com\/index.php\/wp-json\/wp\/v2\/comments?post=6333"}],"version-history":[{"count":1,"href":"https:\/\/infozamoraec.com\/index.php\/wp-json\/wp\/v2\/posts\/6333\/revisions"}],"predecessor-version":[{"id":6335,"href":"https:\/\/infozamoraec.com\/index.php\/wp-json\/wp\/v2\/posts\/6333\/revisions\/6335"}],"wp:featuredmedia":[{"embeddable":true,"href":"https:\/\/infozamoraec.com\/index.php\/wp-json\/wp\/v2\/media\/6334"}],"wp:attachment":[{"href":"https:\/\/infozamoraec.com\/index.php\/wp-json\/wp\/v2\/media?parent=6333"}],"wp:term":[{"taxonomy":"category","embeddable":true,"href":"https:\/\/infozamoraec.com\/index.php\/wp-json\/wp\/v2\/categories?post=6333"},{"taxonomy":"post_tag","embeddable":true,"href":"https:\/\/infozamoraec.com\/index.php\/wp-json\/wp\/v2\/tags?post=6333"}],"curies":[{"name":"wp","href":"https:\/\/api.w.org\/{rel}","templated":true}]}}