{"id":6311,"date":"2024-09-11T00:28:48","date_gmt":"2024-09-11T00:28:48","guid":{"rendered":"https:\/\/infozamoraec.com\/?p=6311"},"modified":"2024-09-11T00:28:48","modified_gmt":"2024-09-11T00:28:48","slug":"policia-capturo-a-miembro-de-el-combo-de-la-a-que-coloco-explosivo-en-local-de-la-martha-de-roldos","status":"publish","type":"post","link":"https:\/\/infozamoraec.com\/index.php\/2024\/09\/11\/policia-capturo-a-miembro-de-el-combo-de-la-a-que-coloco-explosivo-en-local-de-la-martha-de-roldos\/","title":{"rendered":"Polic\u00eda captur\u00f3 a miembro de \u2018El Combo de la A\u2019 que coloc\u00f3 explosivo en local de la Martha de Rold\u00f3s"},"content":{"rendered":"<p>Luego de la detonaci\u00f3n de una dinamita en la puerta de un local de comida ubicado en la ciudadela Martha de Rold\u00f3s, la Polic\u00eda inici\u00f3 un operativo para capturar al sujeto que coloc\u00f3 el explosivo causando da\u00f1os materiales sobre todo en el piso del establecimiento.<\/p>\n<p>El hombre, que iba en un autom\u00f3vil blanco alquilado, fue localizado en Samanes unas horas despu\u00e9s y la Polic\u00eda lo traslad\u00f3 hasta la Unidad de Vigilancia Comunitaria (UVC) de La Florida, donde asegur\u00f3 que era un taxista informal.<\/p>\n<p>Pero, de tiro del automotor los uniformados hallaron incluso la chompa negra que supuestamente se puso el sospechoso para colocar el explosivo. Todo qued\u00f3 grabado en video.<\/p>\n<p>El due\u00f1o del local indic\u00f3 que hace un mes sujetos armados asaltaron en su negocio y que le dejaron un panfleto en el que se identificaban como miembros de la banda \u201cEl combo de la A\u201d, una organizaron que tambi\u00e9n habr\u00eda actuado en el sector Juan Montalvo.<\/p>\n<p>El afectado detall\u00f3 que le ped\u00edan una vacuna de 4.000 d\u00f3lares, pues tiene tres locales en la zona y que no hab\u00eda respondido los mensajes ni llamadas de los extorsionadores.<br \/>\nEl detenido fue identificado como Michael Andr\u00e9s A. P., quien el 19 de enero fue capturado por el delito de secuestro.<\/p>\n<p>El sospechoso solo estuvo detenidos tres meses, obtuvo medidas cautelares y sali\u00f3 de la Penitenciar\u00eda.<\/p>\n<p>Tambi\u00e9n registra una detenci\u00f3n en junio del 2017 por el delito de receptaci\u00f3n.<\/p>\n<p>Del 1 de enero hasta la primera semana de septiembre en la zona 8 (Guayaquil, Dur\u00e1n y Samborond\u00f3n) se han asentados al menos 4.500 denuncias por el delito de extorsi\u00f3n. A nivel nacional han sido reportados al 10.770 casos.<\/p>\n","protected":false},"excerpt":{"rendered":"<p>Luego de la detonaci\u00f3n de una dinamita en la puerta de un local de comida ubicado en la ciudadela Martha de Rold\u00f3s, la Polic\u00eda inici\u00f3 un operativo para capturar al sujeto que coloc\u00f3 el explosivo causando da\u00f1os materiales sobre todo en el piso del establecimiento. El hombre, que iba en un autom\u00f3vil blanco alquilado, fue [&hellip;]<\/p>\n","protected":false},"author":1,"featured_media":6312,"comment_status":"open","ping_status":"open","sticky":false,"template":"","format":"standard","meta":{"footnotes":""},"categories":[12],"tags":[],"_links":{"self":[{"href":"https:\/\/infozamoraec.com\/index.php\/wp-json\/wp\/v2\/posts\/6311"}],"collection":[{"href":"https:\/\/infozamoraec.com\/index.php\/wp-json\/wp\/v2\/posts"}],"about":[{"href":"https:\/\/infozamoraec.com\/index.php\/wp-json\/wp\/v2\/types\/post"}],"author":[{"embeddable":true,"href":"https:\/\/infozamoraec.com\/index.php\/wp-json\/wp\/v2\/users\/1"}],"replies":[{"embeddable":true,"href":"https:\/\/infozamoraec.com\/index.php\/wp-json\/wp\/v2\/comments?post=6311"}],"version-history":[{"count":1,"href":"https:\/\/infozamoraec.com\/index.php\/wp-json\/wp\/v2\/posts\/6311\/revisions"}],"predecessor-version":[{"id":6313,"href":"https:\/\/infozamoraec.com\/index.php\/wp-json\/wp\/v2\/posts\/6311\/revisions\/6313"}],"wp:featuredmedia":[{"embeddable":true,"href":"https:\/\/infozamoraec.com\/index.php\/wp-json\/wp\/v2\/media\/6312"}],"wp:attachment":[{"href":"https:\/\/infozamoraec.com\/index.php\/wp-json\/wp\/v2\/media?parent=6311"}],"wp:term":[{"taxonomy":"category","embeddable":true,"href":"https:\/\/infozamoraec.com\/index.php\/wp-json\/wp\/v2\/categories?post=6311"},{"taxonomy":"post_tag","embeddable":true,"href":"https:\/\/infozamoraec.com\/index.php\/wp-json\/wp\/v2\/tags?post=6311"}],"curies":[{"name":"wp","href":"https:\/\/api.w.org\/{rel}","templated":true}]}}