{"id":6308,"date":"2024-09-11T00:26:16","date_gmt":"2024-09-11T00:26:16","guid":{"rendered":"https:\/\/infozamoraec.com\/?p=6308"},"modified":"2024-09-11T00:26:16","modified_gmt":"2024-09-11T00:26:16","slug":"juicio-politico-a-diana-salazar-se-archiva-en-la-comision-de-fiscalizacion-de-la-asamblea","status":"publish","type":"post","link":"https:\/\/infozamoraec.com\/index.php\/2024\/09\/11\/juicio-politico-a-diana-salazar-se-archiva-en-la-comision-de-fiscalizacion-de-la-asamblea\/","title":{"rendered":"Juicio pol\u00edtico a Diana Salazar se archiva en la comisi\u00f3n de Fiscalizaci\u00f3n de la Asamblea"},"content":{"rendered":"<p>Con cinco votos en contra y cuatro a favor, la moci\u00f3n impulsada por la asamble\u00edsta corre\u00edsta Pamela Aguirre para calificar el juicio pol\u00edtico contra la fiscal general Diana Salazar no fue aprobada por la mayor\u00eda de los miembros de la mesa de Fiscalizaci\u00f3n. Tampoco pas\u00f3 la reconsideraci\u00f3n.<\/p>\n<p>Esto se di\u00f3 gracias a los votos de ADN, del PSC, y los independientes que se dieron en medio de una atropellada sesi\u00f3n, y el rechazo de los legisladores corre\u00edstas\u00a0<strong>Pamela Aguirre, Sof\u00eda Esp\u00edn, Lenin Barreto, y Ronald Gonz\u00e1lez<\/strong>, que criticaron el voto de C\u00e9sar Umajinga quien previamente apel\u00f3 la presidencia de Pamela Aguirre.<\/p>\n<p>La sesi\u00f3n tuvo lugar entre la noche del 9 de septiembre y la madrugada de hoy, 10 de septiembre de 2024.<\/p>\n<p>\u00abLa solicitud de juicio a la fiscal Diana Salazar presentada por Gissela Garz\u00f3n (el 27 de noviembre de 2023) no ha sido calificada, el juicio fue archivado\u00bb, lament\u00f3 Pamela Aguirre. Luego, acompa\u00f1ada de sus colegas de bancada abandon\u00f3 la sala de sesiones.<\/p>\n<p>Con la decisi\u00f3n de la mayor\u00eda en esta mesa legislativa de archivar el juicio a la fiscal Diana Salazar, la mesa deber\u00e1 continuar con la interpelaci\u00f3n a Sebasti\u00e1n Corral, Pablo Arosemena y Andrea Montalvo, y posteriormente a la ministra del Interior, M\u00f3nica Palencia.<\/p>\n","protected":false},"excerpt":{"rendered":"<p>Con cinco votos en contra y cuatro a favor, la moci\u00f3n impulsada por la asamble\u00edsta corre\u00edsta Pamela Aguirre para calificar el juicio pol\u00edtico contra la fiscal general Diana Salazar no fue aprobada por la mayor\u00eda de los miembros de la mesa de Fiscalizaci\u00f3n. Tampoco pas\u00f3 la reconsideraci\u00f3n. Esto se di\u00f3 gracias a los votos de [&hellip;]<\/p>\n","protected":false},"author":1,"featured_media":6309,"comment_status":"open","ping_status":"open","sticky":false,"template":"","format":"standard","meta":{"footnotes":""},"categories":[12],"tags":[],"_links":{"self":[{"href":"https:\/\/infozamoraec.com\/index.php\/wp-json\/wp\/v2\/posts\/6308"}],"collection":[{"href":"https:\/\/infozamoraec.com\/index.php\/wp-json\/wp\/v2\/posts"}],"about":[{"href":"https:\/\/infozamoraec.com\/index.php\/wp-json\/wp\/v2\/types\/post"}],"author":[{"embeddable":true,"href":"https:\/\/infozamoraec.com\/index.php\/wp-json\/wp\/v2\/users\/1"}],"replies":[{"embeddable":true,"href":"https:\/\/infozamoraec.com\/index.php\/wp-json\/wp\/v2\/comments?post=6308"}],"version-history":[{"count":1,"href":"https:\/\/infozamoraec.com\/index.php\/wp-json\/wp\/v2\/posts\/6308\/revisions"}],"predecessor-version":[{"id":6310,"href":"https:\/\/infozamoraec.com\/index.php\/wp-json\/wp\/v2\/posts\/6308\/revisions\/6310"}],"wp:featuredmedia":[{"embeddable":true,"href":"https:\/\/infozamoraec.com\/index.php\/wp-json\/wp\/v2\/media\/6309"}],"wp:attachment":[{"href":"https:\/\/infozamoraec.com\/index.php\/wp-json\/wp\/v2\/media?parent=6308"}],"wp:term":[{"taxonomy":"category","embeddable":true,"href":"https:\/\/infozamoraec.com\/index.php\/wp-json\/wp\/v2\/categories?post=6308"},{"taxonomy":"post_tag","embeddable":true,"href":"https:\/\/infozamoraec.com\/index.php\/wp-json\/wp\/v2\/tags?post=6308"}],"curies":[{"name":"wp","href":"https:\/\/api.w.org\/{rel}","templated":true}]}}