{"id":6280,"date":"2024-09-10T02:09:53","date_gmt":"2024-09-10T02:09:53","guid":{"rendered":"https:\/\/infozamoraec.com\/?p=6280"},"modified":"2024-09-10T02:09:53","modified_gmt":"2024-09-10T02:09:53","slug":"la-crisis-energetica-en-ecuador-se-debe-a-la-falta-de-gestion-segun-contraloria","status":"publish","type":"post","link":"https:\/\/infozamoraec.com\/index.php\/2024\/09\/10\/la-crisis-energetica-en-ecuador-se-debe-a-la-falta-de-gestion-segun-contraloria\/","title":{"rendered":"La crisis energ\u00e9tica en Ecuador se debe a la falta de gesti\u00f3n, seg\u00fan Contralor\u00eda"},"content":{"rendered":"<p>El desabastecimiento de energ\u00eda en Ecuador se debe a la falta de gesti\u00f3n, revela informe de la Contralor\u00eda General del Estado (CGE). La entidad aprob\u00f3 una auditor\u00eda de gesti\u00f3n al Plan de Expansi\u00f3n de la Generaci\u00f3n, que se encuentra en el Plan Maestro de Electricidad, en el Ministerio de Energ\u00eda y Minas y otras entidades relacionadas.<\/p>\n<p>El an\u00e1lisis, seg\u00fan la Contralor\u00eda, se centr\u00f3 entre el 1 de enero de 2019 y el 31 de diciembre de 2023, y detalla cuatro componentes examinados.<\/p>\n<h2><strong>Falta de informaci\u00f3n actualizada<\/strong><\/h2>\n<p>El Plan Maestro 2018 \u2013 2027 no incluy\u00f3 informaci\u00f3n actualizada y consistente sobre la situaci\u00f3n energ\u00e9tica del pa\u00eds. El Ministerio de Energ\u00eda y Minas detall\u00f3 133 centrales con capacidad disponible para producci\u00f3n de electricidad, con una potencia de 7.177 Megavatios (MW).<\/p>\n<p>Sin embargo, el Operador Nacional de Electricidad (Cenace) registr\u00f3 \u00fanicamente 124 centrales operativas, con capacidad de 6.976 MW, seg\u00fan el informe, esto ocasion\u00f3 que no se cuente con informaci\u00f3n real del parque generador, reflejando un escenario sobrestimado.<\/p>\n<p>La auditor\u00eda detalla que en el 2019, seis centrales t\u00e9rmicas estaban fuera de servicio, entre ellas: Termoguayas, Victoria II, Loreto, An\u00edbal Santos y Lligua. Adem\u00e1s, que cuatro m\u00e1s no produc\u00edan energ\u00eda desde el 2018: Isimanchi, Luluncoto, M\u00e9ndez y R\u00edo Chimbo.<\/p>\n<p>A esa situaci\u00f3n tambi\u00e9n se sum\u00f3 la falta mantenimiento a las centrales t\u00e9rmicas: Miraflores (Manab\u00ed); Jivino (Sucumb\u00edos); Termogas Machala (El Oro); La Propicia (Esmeraldas); An\u00edbal Santos y Trinitaria (Guayas), originando que Ecuador deje de recibir 175 MW y cause problemas en \u00e9pocas de estiaje.<\/p>\n<h2><strong>14 proyectos no entraron en operaci\u00f3n<\/strong><\/h2>\n<p>No se pusieron en marcha 14 proyectos (hidroel\u00e9ctricos, t\u00e9rmicos y de energ\u00edas renovables no convencionales), de acuerdo con la auditor\u00eda, porque no se definieron ni aprobaron pol\u00edticas para el desarrollo, administraci\u00f3n, seguimiento y gesti\u00f3n del Plan de expansi\u00f3n de generaci\u00f3n.<\/p>\n<h2><strong>Tr\u00e1mites fueron archivados<\/strong><\/h2>\n<p>El Cenace remiti\u00f3 a las autoridades del Ministerio de Energ\u00eda y Minas los Planes de operaci\u00f3n del sistema nacional interconectado (SNI), de enero 2019 a junio 2023, pero los tr\u00e1mites fueron archivados y no produjeron resultados que precautelen la operaci\u00f3n \u00f3ptima de la generaci\u00f3n y su aporte al SNI, provocando suspensiones que afectaron a varios sectores del pa\u00eds, indica la Contralor\u00eda.<\/p>\n<p>La entidad tambi\u00e9n identific\u00f3 que el Estudio de actualizaci\u00f3n del Plan de expansi\u00f3n de generaci\u00f3n 2023-2032 no se desarroll\u00f3 con datos t\u00e9cnicos por la falta de informaci\u00f3n de las \u201cfechas de hitos en los que se incrementar\u00e1 la producci\u00f3n\u201d, limitando la planificaci\u00f3n de la construcci\u00f3n y puesta en marcha de varios proyectos de Termogas Machala, para la cual tambi\u00e9n hubo falta de gesti\u00f3n para la compra de combustibles (gas).<\/p>\n<h2><strong>Ausencia de lineamientos<\/strong><\/h2>\n<p>La Contralor\u00eda evidenci\u00f3 ausencia de lineamientos, pol\u00edticas y normas t\u00e9cnicas, lo cual gener\u00f3 que no se cuente con propuestas que contribuyan a la toma de decisiones para el desarrollo de los proyectos energ\u00e9ticos en los plazos establecidos en el Plan maestro de electricidad.<\/p>\n","protected":false},"excerpt":{"rendered":"<p>El desabastecimiento de energ\u00eda en Ecuador se debe a la falta de gesti\u00f3n, revela informe de la Contralor\u00eda General del Estado (CGE). La entidad aprob\u00f3 una auditor\u00eda de gesti\u00f3n al Plan de Expansi\u00f3n de la Generaci\u00f3n, que se encuentra en el Plan Maestro de Electricidad, en el Ministerio de Energ\u00eda y Minas y otras entidades [&hellip;]<\/p>\n","protected":false},"author":1,"featured_media":6281,"comment_status":"open","ping_status":"open","sticky":false,"template":"","format":"standard","meta":{"footnotes":""},"categories":[12],"tags":[],"_links":{"self":[{"href":"https:\/\/infozamoraec.com\/index.php\/wp-json\/wp\/v2\/posts\/6280"}],"collection":[{"href":"https:\/\/infozamoraec.com\/index.php\/wp-json\/wp\/v2\/posts"}],"about":[{"href":"https:\/\/infozamoraec.com\/index.php\/wp-json\/wp\/v2\/types\/post"}],"author":[{"embeddable":true,"href":"https:\/\/infozamoraec.com\/index.php\/wp-json\/wp\/v2\/users\/1"}],"replies":[{"embeddable":true,"href":"https:\/\/infozamoraec.com\/index.php\/wp-json\/wp\/v2\/comments?post=6280"}],"version-history":[{"count":1,"href":"https:\/\/infozamoraec.com\/index.php\/wp-json\/wp\/v2\/posts\/6280\/revisions"}],"predecessor-version":[{"id":6282,"href":"https:\/\/infozamoraec.com\/index.php\/wp-json\/wp\/v2\/posts\/6280\/revisions\/6282"}],"wp:featuredmedia":[{"embeddable":true,"href":"https:\/\/infozamoraec.com\/index.php\/wp-json\/wp\/v2\/media\/6281"}],"wp:attachment":[{"href":"https:\/\/infozamoraec.com\/index.php\/wp-json\/wp\/v2\/media?parent=6280"}],"wp:term":[{"taxonomy":"category","embeddable":true,"href":"https:\/\/infozamoraec.com\/index.php\/wp-json\/wp\/v2\/categories?post=6280"},{"taxonomy":"post_tag","embeddable":true,"href":"https:\/\/infozamoraec.com\/index.php\/wp-json\/wp\/v2\/tags?post=6280"}],"curies":[{"name":"wp","href":"https:\/\/api.w.org\/{rel}","templated":true}]}}