{"id":6277,"date":"2024-09-10T02:08:35","date_gmt":"2024-09-10T02:08:35","guid":{"rendered":"https:\/\/infozamoraec.com\/?p=6277"},"modified":"2024-09-10T02:08:35","modified_gmt":"2024-09-10T02:08:35","slug":"caso-encuentro-convocan-a-audiencia-de-juicio-a-danilo-carrera-y-a-antonio-icaza","status":"publish","type":"post","link":"https:\/\/infozamoraec.com\/index.php\/2024\/09\/10\/caso-encuentro-convocan-a-audiencia-de-juicio-a-danilo-carrera-y-a-antonio-icaza\/","title":{"rendered":"Caso Encuentro: convocan a audiencia de juicio a Danilo Carrera y a Antonio Icaza"},"content":{"rendered":"<div class=\"cp-excerpt-xl\">\n<p>El Tribunal de Garant\u00edas Penales Especializado para el Juzgamiento de Delitos Relacionados con Corrupci\u00f3n y Crimen Organizado de Pichincha<strong>\u00a0convoc\u00f3 a Danilo Carrera Drouet y a Antonio Icaza Morla a la audiencia de juzgamiento<\/strong>\u00a0en el caso conocido como Encuentro.<\/p>\n<p>\u201cSE CONVOCA, para el d\u00eda 23 DE SEPTIEMBRE DE 2024, A LAS 09H30, a la instalaci\u00f3n de la\u00a0<strong>AUDIENCIA DE JUZGAMIENTO<\/strong>\u00a0de los procesados (sic)\u201d, se lee en una providencia de ese cuerpo colegiado.<\/p>\n<blockquote>\n<h2><strong>Pedido para comparecer v\u00eda telem\u00e1tica<\/strong><\/h2>\n<\/blockquote>\n<p>En un escrito presentado por la defensa de<strong>\u00a0Carrera\u00a0<\/strong>se solicita que la comparecencia de su cliente se realice de forma telem\u00e1tica. Se alude su condici\u00f3n cardiaca.<\/p>\n<p>En el Caso Encuentro se investiga una supuesta trama de corrupci\u00f3n relacionada con ofrecimiento de cargos en<strong>\u00a0empresas p\u00fablicas<\/strong>\u00a0y nexos con el narcotr\u00e1fico en el Gobierno de Guillermo Lasso, cuyo mandato no pudo terminar. Su cu\u00f1ado, Danilo Carrera, y personas de confianza han sido se\u00f1alados por el Ministerio P\u00fablico.<\/p>\n<p>&nbsp;<\/p>\n<\/div>\n","protected":false},"excerpt":{"rendered":"<p>El Tribunal de Garant\u00edas Penales Especializado para el Juzgamiento de Delitos Relacionados con Corrupci\u00f3n y Crimen Organizado de Pichincha\u00a0convoc\u00f3 a Danilo Carrera Drouet y a Antonio Icaza Morla a la audiencia de juzgamiento\u00a0en el caso conocido como Encuentro. \u201cSE CONVOCA, para el d\u00eda 23 DE SEPTIEMBRE DE 2024, A LAS 09H30, a la instalaci\u00f3n de [&hellip;]<\/p>\n","protected":false},"author":1,"featured_media":6278,"comment_status":"open","ping_status":"open","sticky":false,"template":"","format":"standard","meta":{"footnotes":""},"categories":[12],"tags":[],"_links":{"self":[{"href":"https:\/\/infozamoraec.com\/index.php\/wp-json\/wp\/v2\/posts\/6277"}],"collection":[{"href":"https:\/\/infozamoraec.com\/index.php\/wp-json\/wp\/v2\/posts"}],"about":[{"href":"https:\/\/infozamoraec.com\/index.php\/wp-json\/wp\/v2\/types\/post"}],"author":[{"embeddable":true,"href":"https:\/\/infozamoraec.com\/index.php\/wp-json\/wp\/v2\/users\/1"}],"replies":[{"embeddable":true,"href":"https:\/\/infozamoraec.com\/index.php\/wp-json\/wp\/v2\/comments?post=6277"}],"version-history":[{"count":1,"href":"https:\/\/infozamoraec.com\/index.php\/wp-json\/wp\/v2\/posts\/6277\/revisions"}],"predecessor-version":[{"id":6279,"href":"https:\/\/infozamoraec.com\/index.php\/wp-json\/wp\/v2\/posts\/6277\/revisions\/6279"}],"wp:featuredmedia":[{"embeddable":true,"href":"https:\/\/infozamoraec.com\/index.php\/wp-json\/wp\/v2\/media\/6278"}],"wp:attachment":[{"href":"https:\/\/infozamoraec.com\/index.php\/wp-json\/wp\/v2\/media?parent=6277"}],"wp:term":[{"taxonomy":"category","embeddable":true,"href":"https:\/\/infozamoraec.com\/index.php\/wp-json\/wp\/v2\/categories?post=6277"},{"taxonomy":"post_tag","embeddable":true,"href":"https:\/\/infozamoraec.com\/index.php\/wp-json\/wp\/v2\/tags?post=6277"}],"curies":[{"name":"wp","href":"https:\/\/api.w.org\/{rel}","templated":true}]}}