{"id":6274,"date":"2024-09-10T02:06:29","date_gmt":"2024-09-10T02:06:29","guid":{"rendered":"https:\/\/infozamoraec.com\/?p=6274"},"modified":"2024-09-10T02:06:29","modified_gmt":"2024-09-10T02:06:29","slug":"tribunal-no-acoge-apelacion-de-habeas-corpus-correctivo-a-favor-de-glas","status":"publish","type":"post","link":"https:\/\/infozamoraec.com\/index.php\/2024\/09\/10\/tribunal-no-acoge-apelacion-de-habeas-corpus-correctivo-a-favor-de-glas\/","title":{"rendered":"Tribunal no acoge apelaci\u00f3n de habeas corpus correctivo a favor de Glas"},"content":{"rendered":"<p>Los jueces de la Sala de Apelaci\u00f3n de la Sala Especializada de lo Laboral de la Corte del Guayas resolvieron hoy, 9 de septiembre de 2024, negar la apelaci\u00f3n presentada dentro del\u00a0<em>habeas corpus<\/em>\u00a0correctivo a favor de Jorge Glas quien est\u00e1 preso en La Roca. El tribunal estuvo compuesto por los jueces Jorge Alejandro Lindao, Nancy Vera y Carlos Pinto.<\/p>\n<p>En el fallo, los magistrados exponen que \u00abla parte accionante, accion\u00f3 el\u00a0<em>habeas corpus<\/em>\u00a0correctivo, con la finalidad de que se disponga como medida de reparaci\u00f3n que Glas sea trasladado al domicilio de su madre y que en su escrito de desistimiento lo hicieron de una solicitud de traslado a la C\u00e1rcel 4 de Quito, que no se encuentra incorporada en la demanda inicial\u00bb, explic\u00f3 diario\u00a0<em>El Universo<\/em>.<\/p>\n<p>Del lado de la defensa del corre\u00edsta sentenciado, por asociaci\u00f3n il\u00edcita, en el caso Odebrecht, y cohecho, en el caso Sobornos 2012-2016, Andr\u00e9s Villegas, asegur\u00f3 que en la c\u00e1rcel en la que est\u00e1 \u00absu cliente no se le estar\u00edan dando los cuidados m\u00e9dicos ni existir\u00edan los especialistas adecuados para las dolencias preexistentes de Glas\u00bb.<\/p>\n<p>Por esta raz\u00f3n se solicit\u00f3 la entrega de una medida cautelar, como el arresto domiciliario, o que se contemple el traslado a la denominada C\u00e1rcel 4, ubicada en el norte de la capital.<\/p>\n<h2 class=\"wp-block-heading\">La defensa tambi\u00e9n present\u00f3 cun habeas corpus al Ministerio de Salud P\u00fablica<\/h2>\n<p>Durante la audiencia de apelaci\u00f3n, Glas intervino que plantear\u00eda un\u00a0<em>habeas data<\/em>\u00a0contra el Ministerio de Salud, debido a que se le estaba negando a \u00e9l y a su defensa el acceso a los informes relacionados con su estado de salud actual.<\/p>\n<p>\u201cQuisiera tener los informes por escrito, pero me los niegan. Ya estamos tramitando un\u00a0<em>habeas data<\/em>\u00a0para tener en f\u00edsico los informes de los m\u00e9dicos, pero todos coinciden en el diagn\u00f3stico y en los protocolos que est\u00e1n escritos en el MSP, pero no sirven para Jorge Glas. \u00bfPor qu\u00e9? Porque soy yo, porque yo tengo que estar en la peor c\u00e1rcel con todos los peligros, con todas las amenazas y con problemas psiqui\u00e1tricos muy serios, m\u00e1s los temas de salud, m\u00e1s la espondilitis, m\u00e1s la fibromialgia, la colitis, la rinitis\u2026 Enfermedades que hacen que yo tome, creo que son ya 46 pastillas diarias, entre psiqui\u00e1tricas, para el dolor, presi\u00f3n arterial y otras cosas que no me acuerdo\u201d, refiri\u00f3 Glas.<\/p>\n<div class=\"google-auto-placed ap_container\"><\/div>\n","protected":false},"excerpt":{"rendered":"<p>Los jueces de la Sala de Apelaci\u00f3n de la Sala Especializada de lo Laboral de la Corte del Guayas resolvieron hoy, 9 de septiembre de 2024, negar la apelaci\u00f3n presentada dentro del\u00a0habeas corpus\u00a0correctivo a favor de Jorge Glas quien est\u00e1 preso en La Roca. El tribunal estuvo compuesto por los jueces Jorge Alejandro Lindao, Nancy [&hellip;]<\/p>\n","protected":false},"author":1,"featured_media":6275,"comment_status":"open","ping_status":"open","sticky":false,"template":"","format":"standard","meta":{"footnotes":""},"categories":[12],"tags":[],"_links":{"self":[{"href":"https:\/\/infozamoraec.com\/index.php\/wp-json\/wp\/v2\/posts\/6274"}],"collection":[{"href":"https:\/\/infozamoraec.com\/index.php\/wp-json\/wp\/v2\/posts"}],"about":[{"href":"https:\/\/infozamoraec.com\/index.php\/wp-json\/wp\/v2\/types\/post"}],"author":[{"embeddable":true,"href":"https:\/\/infozamoraec.com\/index.php\/wp-json\/wp\/v2\/users\/1"}],"replies":[{"embeddable":true,"href":"https:\/\/infozamoraec.com\/index.php\/wp-json\/wp\/v2\/comments?post=6274"}],"version-history":[{"count":1,"href":"https:\/\/infozamoraec.com\/index.php\/wp-json\/wp\/v2\/posts\/6274\/revisions"}],"predecessor-version":[{"id":6276,"href":"https:\/\/infozamoraec.com\/index.php\/wp-json\/wp\/v2\/posts\/6274\/revisions\/6276"}],"wp:featuredmedia":[{"embeddable":true,"href":"https:\/\/infozamoraec.com\/index.php\/wp-json\/wp\/v2\/media\/6275"}],"wp:attachment":[{"href":"https:\/\/infozamoraec.com\/index.php\/wp-json\/wp\/v2\/media?parent=6274"}],"wp:term":[{"taxonomy":"category","embeddable":true,"href":"https:\/\/infozamoraec.com\/index.php\/wp-json\/wp\/v2\/categories?post=6274"},{"taxonomy":"post_tag","embeddable":true,"href":"https:\/\/infozamoraec.com\/index.php\/wp-json\/wp\/v2\/tags?post=6274"}],"curies":[{"name":"wp","href":"https:\/\/api.w.org\/{rel}","templated":true}]}}