{"id":6224,"date":"2024-09-06T02:09:34","date_gmt":"2024-09-06T02:09:34","guid":{"rendered":"https:\/\/infozamoraec.com\/?p=6224"},"modified":"2024-09-06T02:12:34","modified_gmt":"2024-09-06T02:12:34","slug":"un-dron-estalla-sobre-carcel-de-maxima-seguridad-de-ecuador","status":"publish","type":"post","link":"https:\/\/infozamoraec.com\/index.php\/2024\/09\/06\/un-dron-estalla-sobre-carcel-de-maxima-seguridad-de-ecuador\/","title":{"rendered":"Un dron estalla sobre c\u00e1rcel de m\u00e1xima seguridad de Ecuador"},"content":{"rendered":"<p>Un dron estall\u00f3 este jueves (05.09.2024) sobre\u00a0<em>La Roca<\/em>, la c\u00e1rcel de m\u00e1xima seguridad de\u00a0<a class=\"internal-link\" href=\"https:\/\/www.dw.com\/es\/ecuador\/t-17411922\" target=\"_blank\" rel=\"noopener\">Ecuador<\/a>, y caus\u00f3 da\u00f1os en el techo de la prisi\u00f3n situada en la ciudad de Guayaquil, donde hace un a\u00f1o se registr\u00f3 un hecho similar que oblig\u00f3 entonces a trasladar a otras penitenciar\u00edas a varios reclusos.<\/p>\n<p>Alrededor de las 10:45 hora local (15:45 GMT) se produjo la detonaci\u00f3n, seg\u00fan reportaron medios locales, despu\u00e9s de que el artefacto volador cargado de explosivos hubiese aterrizado a primera hora del d\u00eda en el techo de la c\u00e1rcel, donde se encuentran presos como el exvicepresidente\u00a0<a class=\"internal-link\" href=\"https:\/\/www.dw.com\/es\/glas-jorge\/t-40289433\" target=\"_blank\" rel=\"noopener\">Jorge Glas<\/a>.<\/p>\n<p>En un primer comunicado, el Gobierno asegur\u00f3 que hab\u00eda logrado frustrar el atentado, que buscaba inhabilitar la prisi\u00f3n, y que las fuerzas de seguridad evaluaban si hacer una detonaci\u00f3n controlada o desactivarlo en el mismo lugar.<\/p>\n<p>Al detectarse el dron, se activaron grupos especiales de la Polic\u00eda Nacional para responder a esta repentina amenaza contra\u00a0<em>La Roca<\/em>, que forma parte del complejo carcelario de Guayaquil, un conjunto de cinco prisiones en la que hay recluidos alrededor de 12.000 reos.<\/p>\n<p>Un \u00abdron de uso agr\u00edcola que ten\u00eda en su interior una carga explosiva\u00bb de 40 libras fue desactivado mediante una explosi\u00f3n controlada, dijo el comandante de la Polic\u00eda, general V\u00edctor Hugo Z\u00e1rate, en rueda de prensa conjunta con el ministro de Defensa, Giancarlo Loffredo.\u00a0\u00abSe trataba de un artefacto explosivo improvisado\u00bb, agreg\u00f3.<\/p>\n<p>En septiembre del 2023, tambi\u00e9n lleg\u00f3 un dron similar a\u00a0<em>La Roca<\/em>\u00a0y su explosi\u00f3n controlada por parte de las fuerzas de seguridad destroz\u00f3 el techo de la c\u00e1rcel, que qued\u00f3 inhabilitada durante varios meses. Esto caus\u00f3 el traslado de los presos a otras c\u00e1rceles, entre ellos a Jos\u00e9 Adolfo Mac\u00edas Villamar alias\u00a0<em>Fito<\/em>, el l\u00edder de\u00a0<em>Los Choneros<\/em>, la banda criminal m\u00e1s grande y antigua que opera en Ecuador.<\/p>\n<p><em>Fito<\/em>\u00a0regres\u00f3 a la C\u00e1rcel Regional de Guayaquil, que se encontraba dominada por\u00a0<em>Los Choneros<\/em>, y desde ah\u00ed se escap\u00f3 a finales de 2023, sin que hasta el momento se conozca su paradero. El l\u00edder criminal cumpl\u00eda una condena de 34 a\u00f1os de c\u00e1rcel por narcotr\u00e1fico, asesinato y asociaci\u00f3n il\u00edcita.<\/p>\n<p>Desde inicios de 2024, el presidente de Ecuador,\u00a0<a class=\"internal-link\" href=\"https:\/\/www.dw.com\/es\/noboa-daniel\/t-67524363\" target=\"_blank\" rel=\"noopener\">Daniel Noboa<\/a>, elev\u00f3 la lucha contra el crimen organizado a la categor\u00eda de \u00abconflicto armado interno\u00bb, con lo que pas\u00f3 a catalogar a estas bandas como grupos terroristas y actores beligerantes no estatales, a la vez que decret\u00f3 un estado de excepci\u00f3n con el que, entre otras acciones, militariz\u00f3 las c\u00e1rceles.<\/p>\n<p>ama (efe, afp)<\/p>\n","protected":false},"excerpt":{"rendered":"<p>Un dron estall\u00f3 este jueves (05.09.2024) sobre\u00a0La Roca, la c\u00e1rcel de m\u00e1xima seguridad de\u00a0Ecuador, y caus\u00f3 da\u00f1os en el techo de la prisi\u00f3n situada en la ciudad de Guayaquil, donde hace un a\u00f1o se registr\u00f3 un hecho similar que oblig\u00f3 entonces a trasladar a otras penitenciar\u00edas a varios reclusos. Alrededor de las 10:45 hora local [&hellip;]<\/p>\n","protected":false},"author":1,"featured_media":6225,"comment_status":"open","ping_status":"open","sticky":false,"template":"","format":"standard","meta":{"footnotes":""},"categories":[12],"tags":[],"_links":{"self":[{"href":"https:\/\/infozamoraec.com\/index.php\/wp-json\/wp\/v2\/posts\/6224"}],"collection":[{"href":"https:\/\/infozamoraec.com\/index.php\/wp-json\/wp\/v2\/posts"}],"about":[{"href":"https:\/\/infozamoraec.com\/index.php\/wp-json\/wp\/v2\/types\/post"}],"author":[{"embeddable":true,"href":"https:\/\/infozamoraec.com\/index.php\/wp-json\/wp\/v2\/users\/1"}],"replies":[{"embeddable":true,"href":"https:\/\/infozamoraec.com\/index.php\/wp-json\/wp\/v2\/comments?post=6224"}],"version-history":[{"count":1,"href":"https:\/\/infozamoraec.com\/index.php\/wp-json\/wp\/v2\/posts\/6224\/revisions"}],"predecessor-version":[{"id":6226,"href":"https:\/\/infozamoraec.com\/index.php\/wp-json\/wp\/v2\/posts\/6224\/revisions\/6226"}],"wp:featuredmedia":[{"embeddable":true,"href":"https:\/\/infozamoraec.com\/index.php\/wp-json\/wp\/v2\/media\/6225"}],"wp:attachment":[{"href":"https:\/\/infozamoraec.com\/index.php\/wp-json\/wp\/v2\/media?parent=6224"}],"wp:term":[{"taxonomy":"category","embeddable":true,"href":"https:\/\/infozamoraec.com\/index.php\/wp-json\/wp\/v2\/categories?post=6224"},{"taxonomy":"post_tag","embeddable":true,"href":"https:\/\/infozamoraec.com\/index.php\/wp-json\/wp\/v2\/tags?post=6224"}],"curies":[{"name":"wp","href":"https:\/\/api.w.org\/{rel}","templated":true}]}}