{"id":6214,"date":"2024-09-06T02:03:47","date_gmt":"2024-09-06T02:03:47","guid":{"rendered":"https:\/\/infozamoraec.com\/?p=6214"},"modified":"2024-09-06T02:03:47","modified_gmt":"2024-09-06T02:03:47","slug":"fiscalia-de-venezuela-anuncia-captura-de-militar-de-ee-uu","status":"publish","type":"post","link":"https:\/\/infozamoraec.com\/index.php\/2024\/09\/06\/fiscalia-de-venezuela-anuncia-captura-de-militar-de-ee-uu\/","title":{"rendered":"Fiscal\u00eda de Venezuela anuncia captura de militar de EE. UU."},"content":{"rendered":"<p>La detenci\u00f3n de un militar de\u00a0<a class=\"internal-link\" href=\"https:\/\/www.dw.com\/es\/estados-unidos\/t-17411942\" target=\"_blank\" rel=\"noopener\">Estados Unidos<\/a>\u00a0en\u00a0<a class=\"internal-link\" href=\"https:\/\/www.dw.com\/es\/venezuela\/t-17410652\" target=\"_blank\" rel=\"noopener\">Venezuela<\/a>\u00a0se dio luego de que las autoridades determinaron que \u00abentr\u00f3 sin ning\u00fan tipo de documentaci\u00f3n ni sustento\u00bb de su visita, explic\u00f3 el jueves (05.09.2024) el fiscal general venezolano,\u00a0<a class=\"internal-link\" href=\"https:\/\/www.dw.com\/es\/saab-tarek-william\/t-40001553\" target=\"_blank\" rel=\"noopener\">Tarek William Saab<\/a>, sin precisar mayores detalles.<\/p>\n<p>\u00abEntr\u00f3 sin ning\u00fan tipo de documentaci\u00f3n, sin ning\u00fan tipo de sustento para qu\u00e9, qu\u00e9 ven\u00eda hacer al pa\u00eds y est\u00e1 en ese proceso en este momento, es lo que puedo revelar no puedo decir m\u00e1s nada\u00bb, declar\u00f3 Saab a periodistas. El fiscal dijo adem\u00e1s que el detenido \u00abtiene doble nacionalidad\u00bb y que la \u00abprincipal nacionalidad de este ciudadano (es) la mexicana\u00bb. \u00abEstamos siempre atentos, vigilantes para que haya un debido proceso\u00bb, a\u00f1adi\u00f3.<\/p>\n<p>Seg\u00fan funcionarios de Estados Unidos, el efectivo castrense -que pertenece a la Marina- fue detenido el 30 de agosto en medio de un viaje personal. El Departamento de Estado desanima a las personas estadounidenses que viajen a Venezuela porque considera que \u00abexiste un alto riesgo de detenci\u00f3n injusta\u00bb. El arresto del militar tuvo lugar en medio de una grave crisis pol\u00edtica en el pa\u00eds caribe\u00f1o.<\/p>\n<p>Estados Unidos no reconoce la reelecci\u00f3n de\u00a0<a class=\"internal-link\" href=\"https:\/\/www.dw.com\/es\/nicol%C3%A1s-maduro\/t-17409336\" target=\"_blank\" rel=\"noopener\">Nicol\u00e1s Maduro<\/a>, que la oposici\u00f3n tach\u00f3 de fraudulenta y reclama la victoria de su candidato\u00a0<a class=\"internal-link\" href=\"https:\/\/www.dw.com\/es\/gonz%C3%A1lez-urrutia-edmundo\/t-69822267\" target=\"_blank\" rel=\"noopener\">Edmundo Gonz\u00e1lez Urrutia<\/a>. Tambi\u00e9n, expres\u00f3 que sopesa \u00abopciones\u00bb contra Maduro, cinco a\u00f1os despu\u00e9s de que impusiera sanciones al pa\u00eds, que est\u00e1 envuelto adem\u00e1s en una controversia electoral en torno a la primera reelecci\u00f3n del mandatario.<\/p>\n<p>La crisis pol\u00edtica provoc\u00f3 adem\u00e1s una espiral de protestas en todo el pa\u00eds que se saldaron con 27 muertes -dos de ellos militares-, 192 personas heridas y 2.400 detenidas.<\/p>\n<p>ama (afp, efe, reuters)<\/p>\n","protected":false},"excerpt":{"rendered":"<p>La detenci\u00f3n de un militar de\u00a0Estados Unidos\u00a0en\u00a0Venezuela\u00a0se dio luego de que las autoridades determinaron que \u00abentr\u00f3 sin ning\u00fan tipo de documentaci\u00f3n ni sustento\u00bb de su visita, explic\u00f3 el jueves (05.09.2024) el fiscal general venezolano,\u00a0Tarek William Saab, sin precisar mayores detalles. \u00abEntr\u00f3 sin ning\u00fan tipo de documentaci\u00f3n, sin ning\u00fan tipo de sustento para qu\u00e9, qu\u00e9 ven\u00eda [&hellip;]<\/p>\n","protected":false},"author":1,"featured_media":6215,"comment_status":"open","ping_status":"open","sticky":false,"template":"","format":"standard","meta":{"footnotes":""},"categories":[8],"tags":[],"_links":{"self":[{"href":"https:\/\/infozamoraec.com\/index.php\/wp-json\/wp\/v2\/posts\/6214"}],"collection":[{"href":"https:\/\/infozamoraec.com\/index.php\/wp-json\/wp\/v2\/posts"}],"about":[{"href":"https:\/\/infozamoraec.com\/index.php\/wp-json\/wp\/v2\/types\/post"}],"author":[{"embeddable":true,"href":"https:\/\/infozamoraec.com\/index.php\/wp-json\/wp\/v2\/users\/1"}],"replies":[{"embeddable":true,"href":"https:\/\/infozamoraec.com\/index.php\/wp-json\/wp\/v2\/comments?post=6214"}],"version-history":[{"count":1,"href":"https:\/\/infozamoraec.com\/index.php\/wp-json\/wp\/v2\/posts\/6214\/revisions"}],"predecessor-version":[{"id":6216,"href":"https:\/\/infozamoraec.com\/index.php\/wp-json\/wp\/v2\/posts\/6214\/revisions\/6216"}],"wp:featuredmedia":[{"embeddable":true,"href":"https:\/\/infozamoraec.com\/index.php\/wp-json\/wp\/v2\/media\/6215"}],"wp:attachment":[{"href":"https:\/\/infozamoraec.com\/index.php\/wp-json\/wp\/v2\/media?parent=6214"}],"wp:term":[{"taxonomy":"category","embeddable":true,"href":"https:\/\/infozamoraec.com\/index.php\/wp-json\/wp\/v2\/categories?post=6214"},{"taxonomy":"post_tag","embeddable":true,"href":"https:\/\/infozamoraec.com\/index.php\/wp-json\/wp\/v2\/tags?post=6214"}],"curies":[{"name":"wp","href":"https:\/\/api.w.org\/{rel}","templated":true}]}}