{"id":6207,"date":"2024-09-06T01:06:18","date_gmt":"2024-09-06T01:06:18","guid":{"rendered":"https:\/\/infozamoraec.com\/?p=6207"},"modified":"2024-09-06T01:06:18","modified_gmt":"2024-09-06T01:06:18","slug":"daniel-noboa-viajara-a-nueva-york-y-toronto-por-seis-dias","status":"publish","type":"post","link":"https:\/\/infozamoraec.com\/index.php\/2024\/09\/06\/daniel-noboa-viajara-a-nueva-york-y-toronto-por-seis-dias\/","title":{"rendered":"Daniel Noboa viajar\u00e1 a Nueva York y Toronto por seis d\u00edas"},"content":{"rendered":"<p><strong><a title=\"Daniel Noboa\" href=\"https:\/\/www.larepublica.ec\/blog\/2024\/08\/20\/daniel-noboa-el-presidente-suramericano-mejor-valorado-seguido-de-lula-y-lacalle-pou\/\" target=\"_blank\" rel=\"noopener\">Daniel Noboa<\/a><\/strong>\u00a0viajar\u00e1 a\u00a0<strong>Nueva York<\/strong>\u00a0y\u00a0<strong>Toronto<\/strong>\u00a0por seis d\u00edas para cumplir con una agenda oficial. As\u00ed consta en el\u00a0<strong>Decreto Ejecutivo 382<\/strong>\u00a0firmado en\u00a0<strong>Manta\u00a0<\/strong>el 4 de septiembre del 2024.<\/p>\n<p>Esta previsto que el presidente viaje a\u00a0<strong>Estados Unidos<\/strong>\u00a0desde este 5 hasta el 8 de septiembre. A ese viaje lo acompa\u00f1ar\u00e1n\u00a0<strong>Cynthia Gellibert Mora<\/strong>, secretar\u00eda general de la Administraci\u00f3n P\u00fablica y Gabinetes y\u00a0<strong>Jos\u00e9 Julio Neira Hanze<\/strong>, secretario General de Integridad P\u00fablica.<\/p>\n<p>De igual manera, del 9 al 11 de septiembre visitar\u00e1\u00a0<strong>Canad\u00e1<\/strong>\u00a0junto a una comitiva oficial. En esa visita lo acompa\u00f1ar\u00e1\u00a0<strong>Jos\u00e9 Luis Neira Hanze<\/strong>, secretario general de integridad p\u00fablica;\u00a0<strong>Juan Carlos Vega<\/strong>, ministro de Econom\u00eda y Finanzas;\u00a0<strong>Antonio Goncalves<\/strong>, ministro de Energ\u00edas y Minas; y\u00a0<strong>Roberto Kury<\/strong>, gerente de la\u00a0<strong>Corporaci\u00f3n Nacional de Telecomunicaciones<\/strong>.<\/p>\n<p>Adem\u00e1s, el Decreto menciona a una comitiva de apoyo conformada por el jefe de seguridad,\u00a0<strong>Edwin Juli\u00e1n Godoy Paspuel<\/strong>\u00a0y el edec\u00e1n naval,\u00a0<strong>Juan Carlos Ibarra<\/strong>.<\/p>\n<p>Seg\u00fan\u00a0<strong><a title=\"Teleamazonas\" href=\"https:\/\/x.com\/teleamazonasec\" target=\"_blank\" rel=\"noopener\">Teleamazonas<\/a><\/strong>, el Gobierno no ha detallado la agenda que cumplir\u00e1 el Mandatario en ambas visitas. Este es el viaje internacional n\u00famero quince desde que\u00a0<strong>Noboa\u00a0<\/strong>asumi\u00f3 el poder en noviembre del a\u00f1o pasado.<\/p>\n","protected":false},"excerpt":{"rendered":"<p>Daniel Noboa\u00a0viajar\u00e1 a\u00a0Nueva York\u00a0y\u00a0Toronto\u00a0por seis d\u00edas para cumplir con una agenda oficial. As\u00ed consta en el\u00a0Decreto Ejecutivo 382\u00a0firmado en\u00a0Manta\u00a0el 4 de septiembre del 2024. Esta previsto que el presidente viaje a\u00a0Estados Unidos\u00a0desde este 5 hasta el 8 de septiembre. A ese viaje lo acompa\u00f1ar\u00e1n\u00a0Cynthia Gellibert Mora, secretar\u00eda general de la Administraci\u00f3n P\u00fablica y Gabinetes y\u00a0Jos\u00e9 [&hellip;]<\/p>\n","protected":false},"author":1,"featured_media":6208,"comment_status":"open","ping_status":"open","sticky":false,"template":"","format":"standard","meta":{"footnotes":""},"categories":[12],"tags":[],"_links":{"self":[{"href":"https:\/\/infozamoraec.com\/index.php\/wp-json\/wp\/v2\/posts\/6207"}],"collection":[{"href":"https:\/\/infozamoraec.com\/index.php\/wp-json\/wp\/v2\/posts"}],"about":[{"href":"https:\/\/infozamoraec.com\/index.php\/wp-json\/wp\/v2\/types\/post"}],"author":[{"embeddable":true,"href":"https:\/\/infozamoraec.com\/index.php\/wp-json\/wp\/v2\/users\/1"}],"replies":[{"embeddable":true,"href":"https:\/\/infozamoraec.com\/index.php\/wp-json\/wp\/v2\/comments?post=6207"}],"version-history":[{"count":1,"href":"https:\/\/infozamoraec.com\/index.php\/wp-json\/wp\/v2\/posts\/6207\/revisions"}],"predecessor-version":[{"id":6209,"href":"https:\/\/infozamoraec.com\/index.php\/wp-json\/wp\/v2\/posts\/6207\/revisions\/6209"}],"wp:featuredmedia":[{"embeddable":true,"href":"https:\/\/infozamoraec.com\/index.php\/wp-json\/wp\/v2\/media\/6208"}],"wp:attachment":[{"href":"https:\/\/infozamoraec.com\/index.php\/wp-json\/wp\/v2\/media?parent=6207"}],"wp:term":[{"taxonomy":"category","embeddable":true,"href":"https:\/\/infozamoraec.com\/index.php\/wp-json\/wp\/v2\/categories?post=6207"},{"taxonomy":"post_tag","embeddable":true,"href":"https:\/\/infozamoraec.com\/index.php\/wp-json\/wp\/v2\/tags?post=6207"}],"curies":[{"name":"wp","href":"https:\/\/api.w.org\/{rel}","templated":true}]}}