{"id":6204,"date":"2024-09-06T01:04:39","date_gmt":"2024-09-06T01:04:39","guid":{"rendered":"https:\/\/infozamoraec.com\/?p=6204"},"modified":"2024-09-06T01:04:39","modified_gmt":"2024-09-06T01:04:39","slug":"daniel-noboa-entrego-mas-de-cien-camionetas-a-la-policia-en-manabi","status":"publish","type":"post","link":"https:\/\/infozamoraec.com\/index.php\/2024\/09\/06\/daniel-noboa-entrego-mas-de-cien-camionetas-a-la-policia-en-manabi\/","title":{"rendered":"Daniel Noboa entreg\u00f3 m\u00e1s de cien camionetas a la Polic\u00eda en Manab\u00ed"},"content":{"rendered":"<p>El presidente del\u00a0<strong>Ecuador<\/strong>,\u00a0<strong><a title=\"\" href=\"https:\/\/www.larepublica.ec\/blog\/2024\/09\/05\/daniel-noboa-viajara-a-nueva-york-y-toronto-por-seis-dias\/\" target=\"_blank\" rel=\"noopener\">Daniel Noboa<\/a><\/strong>, encabez\u00f3 la entrega de 139 camionetas a la\u00a0<strong>Polic\u00eda Nacional<\/strong>\u00a0durante un evento en la ciudad de\u00a0<strong>Manta<\/strong>.<\/p>\n<p>Seg\u00fan informaci\u00f3n oficial, los veh\u00edculos representaron una inversi\u00f3n gubernamental de 3,85 millones de d\u00f3lares. Estos est\u00e1n destinados a ser utilizados en operaciones de inteligencia<\/p>\n<p>La entrega de las camionetas es parte del proyecto\u00a0<strong>\u201cRenovaci\u00f3n de Veh\u00edculos Terrestres como apoyo Log\u00edstico al eje preventivo, investigativo, inteligencia y unidades Especiales de la Polic\u00eda Nacional\u201d<\/strong>. Este contempla la distribuci\u00f3n de 571 veh\u00edculos en total.<\/p>\n<p>Durante su intervenci\u00f3n, el primer mandatario asegur\u00f3 que su Gobierno est\u00e1 \u00abdesmantelando estructuras criminales y deteniendo a cabecillas de grupos terroristas\u00bb. \u00abSeguimos firmes en la lucha contra las mafias\u00bb, a\u00f1adi\u00f3.\u00a0<strong>(I)<\/strong><\/p>\n","protected":false},"excerpt":{"rendered":"<p>El presidente del\u00a0Ecuador,\u00a0Daniel Noboa, encabez\u00f3 la entrega de 139 camionetas a la\u00a0Polic\u00eda Nacional\u00a0durante un evento en la ciudad de\u00a0Manta. Seg\u00fan informaci\u00f3n oficial, los veh\u00edculos representaron una inversi\u00f3n gubernamental de 3,85 millones de d\u00f3lares. Estos est\u00e1n destinados a ser utilizados en operaciones de inteligencia La entrega de las camionetas es parte del proyecto\u00a0\u201cRenovaci\u00f3n de Veh\u00edculos Terrestres [&hellip;]<\/p>\n","protected":false},"author":1,"featured_media":6205,"comment_status":"open","ping_status":"open","sticky":false,"template":"","format":"standard","meta":{"footnotes":""},"categories":[12],"tags":[],"_links":{"self":[{"href":"https:\/\/infozamoraec.com\/index.php\/wp-json\/wp\/v2\/posts\/6204"}],"collection":[{"href":"https:\/\/infozamoraec.com\/index.php\/wp-json\/wp\/v2\/posts"}],"about":[{"href":"https:\/\/infozamoraec.com\/index.php\/wp-json\/wp\/v2\/types\/post"}],"author":[{"embeddable":true,"href":"https:\/\/infozamoraec.com\/index.php\/wp-json\/wp\/v2\/users\/1"}],"replies":[{"embeddable":true,"href":"https:\/\/infozamoraec.com\/index.php\/wp-json\/wp\/v2\/comments?post=6204"}],"version-history":[{"count":1,"href":"https:\/\/infozamoraec.com\/index.php\/wp-json\/wp\/v2\/posts\/6204\/revisions"}],"predecessor-version":[{"id":6206,"href":"https:\/\/infozamoraec.com\/index.php\/wp-json\/wp\/v2\/posts\/6204\/revisions\/6206"}],"wp:featuredmedia":[{"embeddable":true,"href":"https:\/\/infozamoraec.com\/index.php\/wp-json\/wp\/v2\/media\/6205"}],"wp:attachment":[{"href":"https:\/\/infozamoraec.com\/index.php\/wp-json\/wp\/v2\/media?parent=6204"}],"wp:term":[{"taxonomy":"category","embeddable":true,"href":"https:\/\/infozamoraec.com\/index.php\/wp-json\/wp\/v2\/categories?post=6204"},{"taxonomy":"post_tag","embeddable":true,"href":"https:\/\/infozamoraec.com\/index.php\/wp-json\/wp\/v2\/tags?post=6204"}],"curies":[{"name":"wp","href":"https:\/\/api.w.org\/{rel}","templated":true}]}}