{"id":6189,"date":"2024-09-06T00:27:49","date_gmt":"2024-09-06T00:27:49","guid":{"rendered":"https:\/\/infozamoraec.com\/?p=6189"},"modified":"2024-09-06T00:27:49","modified_gmt":"2024-09-06T00:27:49","slug":"la-acess-clausura-un-centro-ilegal-de-tratamiento-de-adicciones-en-loja","status":"publish","type":"post","link":"https:\/\/infozamoraec.com\/index.php\/2024\/09\/06\/la-acess-clausura-un-centro-ilegal-de-tratamiento-de-adicciones-en-loja\/","title":{"rendered":"La ACESS clausura un centro ilegal de tratamiento de adicciones en Loja"},"content":{"rendered":"<p lang=\"es-EC\" align=\"justify\"><span style=\"font-family: Times New Roman, serif;\"><span style=\"font-family: Calibri, serif;\">La Agencia de Aseguramiento de la Calidad de los Servicios de Salud y Medicina Prepagada \u2013 ACESS intervino un centro de tratamiento de adicciones que operaba sin licenciamiento ni permiso de funcionamiento en la parroquia Malacatos, cant\u00f3n y provincia de Loja.<\/span><\/span><\/p>\n<p lang=\"es-EC\" align=\"justify\"><a name=\"_GoBack\"><\/a> <span style=\"font-family: Times New Roman, serif;\"><span style=\"font-family: Calibri, serif;\">Una denuncia ciudadana alert\u00f3 sobre el funcionamiento irregular del sitio, en el que se habr\u00eda incurrido en la vulneraci\u00f3n de los derechos de los pacientes al impedir el contacto con sus familiares. Esto motiv\u00f3 la intervenci\u00f3n de la ACESS a trav\u00e9s de un operativo interinstitucional con la participaci\u00f3n del Ministerio de Salud P\u00fablica (MSP), Ministerio de Inclusi\u00f3n Econ\u00f3mica y Social (MIES), Gobernaci\u00f3n de Loja, Intendencia General de Polic\u00eda y Polic\u00eda Nacional, entidades que actuaron en el marco de sus competencias.<\/span><\/span><\/p>\n<p lang=\"es-EC\" align=\"justify\"><span style=\"font-family: Times New Roman, serif;\"><span style=\"font-family: Calibri, serif;\">En el lugar se encontr\u00f3 a 22 internos varones mayores de edad, quienes permanec\u00edan en compa\u00f1\u00eda de un terapista vivencial y otros ciudadanos recuperados en calidad de cuidadores; sin embargo, no exist\u00eda personal de salud a cargo de su atenci\u00f3n.<\/span><\/span><\/p>\n<p lang=\"es-EC\" align=\"justify\"><span style=\"font-family: Times New Roman, serif;\"><span style=\"font-family: Calibri, serif;\">Entre otras novedades, se identific\u00f3 que el sitio carec\u00eda de espacios adecuados para consultorios de medicina, psicolog\u00eda, enfermer\u00eda, trabajo social, farmacia y dem\u00e1s \u00e1reas requeridas por la normativa sanitaria vigente. En los dormitorios, los espacios resultaban peque\u00f1os para la cantidad de camas colocadas. Asimismo, el n\u00famero de ba\u00f1os era insuficiente para el total de pacientes internos.<\/span><\/span><\/p>\n<p lang=\"es-EC\" align=\"justify\"><span style=\"font-family: Times New Roman, serif;\"><span style=\"font-family: Calibri, serif;\">En las \u00e1reas de cocina y almacenamiento de alimentos se evidenci\u00f3 mala clasificaci\u00f3n de desechos, limpieza deficiente y propagaci\u00f3n de plagas.<\/span><\/span><\/p>\n<p lang=\"es-EC\" align=\"justify\"><span style=\"font-family: Times New Roman, serif;\"><span style=\"font-family: Calibri, serif;\">Un m\u00e9dico y dos psic\u00f3logos del Ministerio de Salud P\u00fablica realizaron la valoraci\u00f3n de los pacientes. Adem\u00e1s, les ofertaron el tratamiento gratuito a trav\u00e9s del Servicio Ambulatorio Intensivo (SAI), que se brinda en los Centros de Salud del MSP, y en el Centro Especializado para el tratamiento a personas con consumo problem\u00e1tico de alcohol y otras drogas (CETAD) de Santa Rosa, que cuenta con el licenciamiento otorgado por la ACESS.<\/span><\/span><\/p>\n<p lang=\"es-EC\" align=\"justify\"><span style=\"font-family: Times New Roman, serif;\"><span style=\"font-family: Calibri, serif;\">La Agencia, amparada en el art\u00edculo 32 de la Constituci\u00f3n de la Rep\u00fablica del Ecuador y el art\u00edculo 180 del C\u00f3digo Org\u00e1nico Administrativo (COA), realiz\u00f3 la clausura del establecimiento como medida provisional de protecci\u00f3n para precautelar la seguridad y los derechos de los pacientes.<\/span><\/span><\/p>\n<p lang=\"es-EC\" align=\"justify\"><span style=\"font-family: Times New Roman, serif;\"><span style=\"font-family: Calibri, serif;\">La ACESS exhorta a los interesados en implementar centros de tratamientos de adicciones a cumplir con la normativa sanitaria y regularizar sus servicios de salud. Asimismo, invita a la ciudadan\u00eda a acudir a los CETAD con licenciamiento y permiso de funcionamiento vigente.<\/span><\/span><\/p>\n<p lang=\"es-EC\" align=\"justify\"><span style=\"font-family: Times New Roman, serif;\"><span style=\"font-family: Calibri, serif;\">A trav\u00e9s del correo electr\u00f3nico\u00a0<\/span><span style=\"color: #0563c1;\"><u><a href=\"mailto:denuncias@acess.gob.ec\"><span style=\"color: #000000;\"><span style=\"font-family: Calibri, serif;\"><b>denuncias@acess.gob.ec<\/b><\/span><\/span><\/a><\/u><\/span><span style=\"font-family: Calibri, serif;\">\u00a0se puede reportar el funcionamiento de centros clandestinos o la vulneraci\u00f3n de los derechos de los pacientes con adicciones.<\/span><\/span><\/p>\n","protected":false},"excerpt":{"rendered":"<p>La Agencia de Aseguramiento de la Calidad de los Servicios de Salud y Medicina Prepagada \u2013 ACESS intervino un centro de tratamiento de adicciones que operaba sin licenciamiento ni permiso de funcionamiento en la parroquia Malacatos, cant\u00f3n y provincia de Loja. Una denuncia ciudadana alert\u00f3 sobre el funcionamiento irregular del sitio, en el que se [&hellip;]<\/p>\n","protected":false},"author":1,"featured_media":6190,"comment_status":"open","ping_status":"open","sticky":false,"template":"","format":"standard","meta":{"footnotes":""},"categories":[12],"tags":[],"_links":{"self":[{"href":"https:\/\/infozamoraec.com\/index.php\/wp-json\/wp\/v2\/posts\/6189"}],"collection":[{"href":"https:\/\/infozamoraec.com\/index.php\/wp-json\/wp\/v2\/posts"}],"about":[{"href":"https:\/\/infozamoraec.com\/index.php\/wp-json\/wp\/v2\/types\/post"}],"author":[{"embeddable":true,"href":"https:\/\/infozamoraec.com\/index.php\/wp-json\/wp\/v2\/users\/1"}],"replies":[{"embeddable":true,"href":"https:\/\/infozamoraec.com\/index.php\/wp-json\/wp\/v2\/comments?post=6189"}],"version-history":[{"count":2,"href":"https:\/\/infozamoraec.com\/index.php\/wp-json\/wp\/v2\/posts\/6189\/revisions"}],"predecessor-version":[{"id":6192,"href":"https:\/\/infozamoraec.com\/index.php\/wp-json\/wp\/v2\/posts\/6189\/revisions\/6192"}],"wp:featuredmedia":[{"embeddable":true,"href":"https:\/\/infozamoraec.com\/index.php\/wp-json\/wp\/v2\/media\/6190"}],"wp:attachment":[{"href":"https:\/\/infozamoraec.com\/index.php\/wp-json\/wp\/v2\/media?parent=6189"}],"wp:term":[{"taxonomy":"category","embeddable":true,"href":"https:\/\/infozamoraec.com\/index.php\/wp-json\/wp\/v2\/categories?post=6189"},{"taxonomy":"post_tag","embeddable":true,"href":"https:\/\/infozamoraec.com\/index.php\/wp-json\/wp\/v2\/tags?post=6189"}],"curies":[{"name":"wp","href":"https:\/\/api.w.org\/{rel}","templated":true}]}}