{"id":6156,"date":"2024-09-05T01:41:31","date_gmt":"2024-09-05T01:41:31","guid":{"rendered":"https:\/\/infozamoraec.com\/?p=6156"},"modified":"2024-09-05T01:42:50","modified_gmt":"2024-09-05T01:42:50","slug":"cal-acoge-pedido-de-diana-salazar-y-aprueba-seguir-el-juicio-politico-a-la-fiscal","status":"publish","type":"post","link":"https:\/\/infozamoraec.com\/index.php\/2024\/09\/05\/cal-acoge-pedido-de-diana-salazar-y-aprueba-seguir-el-juicio-politico-a-la-fiscal\/","title":{"rendered":"CAL acoge pedido de Diana Salazar y aprueba seguir el juicio pol\u00edtico a la Fiscal"},"content":{"rendered":"<p>Hace pocos instantes, el Consejo de Administraci\u00f3n Legislativa (CAL) resolvi\u00f3 reactivar el juicio pol\u00edtico contra la fiscal general, Diana Salazar.<\/p>\n<p>As\u00ed, tras pasar el primer filtro, se remitir\u00e1 la decisi\u00f3n del CAL a la Comisi\u00f3n de Fiscalizaci\u00f3n, la cual ser\u00e1 la encargada de calificar las solicitudes de los asamble\u00edstas del corre\u00edsmo Gisella Garz\u00f3n y H\u00e9ctor Valladares, mismas que fueron unificadas tambi\u00e9n por el CAL.<\/p>\n<p>Esto ocurre luego de que Salazar notific\u00f3 al Legislativo sobre la finalizaci\u00f3n del periodo de riesgo en su embarazo.<\/p>\n<p>\u201cEl juicio pol\u00edtico que corresponde en este momento es el de la fiscal Diana Salazar\u201d, dijo el asamble\u00edsta Diego Matovelle, vocal del CAL, luego de la sesi\u00f3n.<\/p>\n<p>El pasado 19 de agosto, Salazar se\u00f1al\u00f3 que est\u00e1 lista para enfrentar el \u201cnarcojuicio\u201c. Sin embargo, ahora mismo, este proceso depende de la acci\u00f3n de varios organismos al interior y al exterior de la Asamblea<\/p>\n<p>El juicio a la Fiscal se reactiva luego de que los legisladores no acataran una decisi\u00f3n judicial de enjuiciar pol\u00edticamente a dos exministros de Guillermo Lasso.<\/p>\n","protected":false},"excerpt":{"rendered":"<p>Hace pocos instantes, el Consejo de Administraci\u00f3n Legislativa (CAL) resolvi\u00f3 reactivar el juicio pol\u00edtico contra la fiscal general, Diana Salazar. As\u00ed, tras pasar el primer filtro, se remitir\u00e1 la decisi\u00f3n del CAL a la Comisi\u00f3n de Fiscalizaci\u00f3n, la cual ser\u00e1 la encargada de calificar las solicitudes de los asamble\u00edstas del corre\u00edsmo Gisella Garz\u00f3n y H\u00e9ctor [&hellip;]<\/p>\n","protected":false},"author":1,"featured_media":6157,"comment_status":"open","ping_status":"open","sticky":false,"template":"","format":"standard","meta":{"footnotes":""},"categories":[12],"tags":[],"_links":{"self":[{"href":"https:\/\/infozamoraec.com\/index.php\/wp-json\/wp\/v2\/posts\/6156"}],"collection":[{"href":"https:\/\/infozamoraec.com\/index.php\/wp-json\/wp\/v2\/posts"}],"about":[{"href":"https:\/\/infozamoraec.com\/index.php\/wp-json\/wp\/v2\/types\/post"}],"author":[{"embeddable":true,"href":"https:\/\/infozamoraec.com\/index.php\/wp-json\/wp\/v2\/users\/1"}],"replies":[{"embeddable":true,"href":"https:\/\/infozamoraec.com\/index.php\/wp-json\/wp\/v2\/comments?post=6156"}],"version-history":[{"count":1,"href":"https:\/\/infozamoraec.com\/index.php\/wp-json\/wp\/v2\/posts\/6156\/revisions"}],"predecessor-version":[{"id":6158,"href":"https:\/\/infozamoraec.com\/index.php\/wp-json\/wp\/v2\/posts\/6156\/revisions\/6158"}],"wp:featuredmedia":[{"embeddable":true,"href":"https:\/\/infozamoraec.com\/index.php\/wp-json\/wp\/v2\/media\/6157"}],"wp:attachment":[{"href":"https:\/\/infozamoraec.com\/index.php\/wp-json\/wp\/v2\/media?parent=6156"}],"wp:term":[{"taxonomy":"category","embeddable":true,"href":"https:\/\/infozamoraec.com\/index.php\/wp-json\/wp\/v2\/categories?post=6156"},{"taxonomy":"post_tag","embeddable":true,"href":"https:\/\/infozamoraec.com\/index.php\/wp-json\/wp\/v2\/tags?post=6156"}],"curies":[{"name":"wp","href":"https:\/\/api.w.org\/{rel}","templated":true}]}}