{"id":615,"date":"2024-02-05T15:28:02","date_gmt":"2024-02-05T15:28:02","guid":{"rendered":"https:\/\/infozamoraec.com\/?p=615"},"modified":"2024-02-05T15:35:04","modified_gmt":"2024-02-05T15:35:04","slug":"belinda-regresa-a-los-escenarios-con-cactus","status":"publish","type":"post","link":"https:\/\/infozamoraec.com\/index.php\/2024\/02\/05\/belinda-regresa-a-los-escenarios-con-cactus\/","title":{"rendered":"Belinda  regresa a los escenarios con  \u00abCactus\u00bb"},"content":{"rendered":"<p><strong>CACTUS<\/strong>\u201d es el primer lanzamiento de\u00a0<strong>BELINDA<\/strong>\u00a0tras firmar con Warner Music el a\u00f1o pasado.<\/p>\n<p>Es el gran y esperado regreso de la Princesa del Pop Latino a la m\u00fasica luego de una larga pausa.<\/p>\n<p><strong>BELINDA<\/strong>, la Princesa del Pop Latino, est\u00e1 de regreso con el que ser\u00e1 su primer lanzamiento bajo el sello de Warner Music. Es una canci\u00f3n titulada \u201c<strong>CACTUS<\/strong>\u201d, que terminar\u00e1 con la espera de una d\u00e9cada por parte de su p\u00fablico.<\/p>\n<p>Todo comenz\u00f3 este 15 de enero, cuando la cantante borr\u00f3 todas las publicaciones de su perfil de Instagram y comenz\u00f3 un conteo para su nueva era con im\u00e1genes de cactus, dejando a sus Belifans y el p\u00fablico en general intrigados. Las expectativas crecieron con im\u00e1genes de sus ojos, carteles de \u201cSe Busca\u201d, y varios clips del video que acompa\u00f1ar\u00e1 a su nueva canci\u00f3n. Los dos primeros avances, que no contienen nada de la m\u00fasica nueva, lograron m\u00e1s de 1,6 millones de vistas en las primeras tres horas. Esto es, sin lugar a dudas, una muestra m\u00e1s del poder de\u00a0<strong>BELINDA<\/strong>\u00a0en la escena musical en espa\u00f1ol y a nivel mundial.<\/p>\n<p>\u201c<strong>CACTUS<\/strong>\u201d, primer sencillo de su pr\u00f3ximo disco de estudio, que muestra a una artista fuerte, madura y, sobre todo, talentosa. Su voz que ha hecho que el p\u00fablico se enamore de ella se junta\u00a0con su faceta de autora para darnos una letra sumamente personal, que incluye dedicatoria especial a una famosa relaci\u00f3n pasada. \u00a1S\u00ed, un nuevo himno est\u00e1 en camino! Pero eso no es todo, pues s\u00f3nicamente muestra\u00a0un tema acorde con las tendencias musicales actuales.<\/p>\n<p><iframe title=\"Belinda - Cactus (Video Oficial)\" width=\"640\" height=\"360\" src=\"https:\/\/www.youtube.com\/embed\/uGE5BgE9hz4?feature=oembed\" frameborder=\"0\" allow=\"accelerometer; autoplay; clipboard-write; encrypted-media; gyroscope; picture-in-picture; web-share\" allowfullscreen><\/iframe><\/p>\n","protected":false},"excerpt":{"rendered":"<p>CACTUS\u201d es el primer lanzamiento de\u00a0BELINDA\u00a0tras firmar con Warner Music el a\u00f1o pasado. Es el gran y esperado regreso de la Princesa del Pop Latino a la m\u00fasica luego de una larga pausa. BELINDA, la Princesa del Pop Latino, est\u00e1 de regreso con el que ser\u00e1 su primer lanzamiento bajo el sello de Warner Music. [&hellip;]<\/p>\n","protected":false},"author":1,"featured_media":622,"comment_status":"open","ping_status":"open","sticky":false,"template":"","format":"standard","meta":{"footnotes":""},"categories":[44],"tags":[],"_links":{"self":[{"href":"https:\/\/infozamoraec.com\/index.php\/wp-json\/wp\/v2\/posts\/615"}],"collection":[{"href":"https:\/\/infozamoraec.com\/index.php\/wp-json\/wp\/v2\/posts"}],"about":[{"href":"https:\/\/infozamoraec.com\/index.php\/wp-json\/wp\/v2\/types\/post"}],"author":[{"embeddable":true,"href":"https:\/\/infozamoraec.com\/index.php\/wp-json\/wp\/v2\/users\/1"}],"replies":[{"embeddable":true,"href":"https:\/\/infozamoraec.com\/index.php\/wp-json\/wp\/v2\/comments?post=615"}],"version-history":[{"count":1,"href":"https:\/\/infozamoraec.com\/index.php\/wp-json\/wp\/v2\/posts\/615\/revisions"}],"predecessor-version":[{"id":618,"href":"https:\/\/infozamoraec.com\/index.php\/wp-json\/wp\/v2\/posts\/615\/revisions\/618"}],"wp:featuredmedia":[{"embeddable":true,"href":"https:\/\/infozamoraec.com\/index.php\/wp-json\/wp\/v2\/media\/622"}],"wp:attachment":[{"href":"https:\/\/infozamoraec.com\/index.php\/wp-json\/wp\/v2\/media?parent=615"}],"wp:term":[{"taxonomy":"category","embeddable":true,"href":"https:\/\/infozamoraec.com\/index.php\/wp-json\/wp\/v2\/categories?post=615"},{"taxonomy":"post_tag","embeddable":true,"href":"https:\/\/infozamoraec.com\/index.php\/wp-json\/wp\/v2\/tags?post=615"}],"curies":[{"name":"wp","href":"https:\/\/api.w.org\/{rel}","templated":true}]}}