{"id":6134,"date":"2024-09-04T01:56:10","date_gmt":"2024-09-04T01:56:10","guid":{"rendered":"https:\/\/infozamoraec.com\/?p=6134"},"modified":"2024-09-04T01:56:10","modified_gmt":"2024-09-04T01:56:10","slug":"paraguay-formaliza-candidatura-de-su-canciller-para-oea","status":"publish","type":"post","link":"https:\/\/infozamoraec.com\/index.php\/2024\/09\/04\/paraguay-formaliza-candidatura-de-su-canciller-para-oea\/","title":{"rendered":"Paraguay formaliza candidatura de su canciller para OEA"},"content":{"rendered":"<p><a class=\"internal-link\" href=\"https:\/\/www.dw.com\/es\/paraguay-m%C3%A1s-de-30-casas-destruidas-por-un-incendio\/a-70045518\" target=\"_blank\" rel=\"noopener\">Paraguay<\/a>\u00a0formaliz\u00f3 este martes (03.09.2024) la candidatura de su canciller, Rub\u00e9n Ram\u00edrez, para ocupar el cargo de secretario general de la Organizaci\u00f3n de Estados Americanos (<a class=\"internal-link\" href=\"https:\/\/www.dw.com\/es\/la-oea-considera-que-colaps%C3%B3-la-democracia-en-venezuela\/a-69998898\" target=\"_blank\" rel=\"noopener\">OEA<\/a>), en reemplazo de Luis Almagro, cuyo mandato expira en 2025.<\/p>\n<p>En una nota dirigida al Consejo Permanente de la organizaci\u00f3n interamericana, con sede en Washington, la Misi\u00f3n Permanente de Paraguay ante la OEA remiti\u00f3 la comunicaci\u00f3n del Ministerio de Relaciones Exteriores en Asunci\u00f3n, con la postulaci\u00f3n de Ram\u00edrez para el periodo 2025-2030.<\/p>\n<p>\u00abCon esta candidatura, el Paraguay desea sumar esfuerzos para lograr una organizaci\u00f3n que siga fortaleciendo\u00bb valores como la defensa de los derechos humanos, el pleno respeto al Estado de derecho, la igualdad entre los Estados, la cooperaci\u00f3n y la solidaridad internacional, as\u00ed como la resoluci\u00f3n pac\u00edfica de conflictos, destaca la misiva.<\/p>\n<p>Tambi\u00e9n busca que la OEA \u00abse adecue a las nuevas coyunturas, donde el di\u00e1logo debe ser promocionado para buscar consensos\u00bb sobre los cuales se pueda \u00abpreservar y fomentar un hemisferio de paz, seguro y desarrollado\u00bb.<\/p>\n<p>Paraguay, que en junio pasado fue sede de la 54 Asamblea General de la OEA, destac\u00f3 la trayectoria de Ram\u00edrez en cargos de relevancia en los sectores p\u00fablico y privado, as\u00ed como en organizaciones internacionales de financiamiento.<\/p>\n<p>De igual forma, resalt\u00f3 que el actual titular de Exteriores ha liderado misiones de observaci\u00f3n electoral en las Am\u00e9ricas.<\/p>\n<p>El presidente de\u00a0<a class=\"internal-link\" href=\"https:\/\/www.dw.com\/es\/paraguay\/t-17409835\" target=\"_blank\" rel=\"noopener\">Paraguay<\/a>, Santiago Pe\u00f1a, exterioriz\u00f3, el pasado 26 de junio en su intervenci\u00f3n durante la instalaci\u00f3n de las 54 Asamblea General de la OEA, el inter\u00e9s de postular al actual jefe de la diplomacia de Asunci\u00f3n \u201ccomo una muestra inconfundible del compromiso\u201d de su pa\u00eds con el sistema multilateral y con la OEA.<\/p>\n<p>Almagro fue elegido secretario general de la OEA el 18 de marzo de 2015, con el apoyo de 33 de los 34 Estados miembros. En marzo de 2020, el excanciller uruguayo fue reelegido para completar un per\u00edodo que concluye en 2025.<\/p>\n<p>En la carrera por el liderazgo de la OEA Surinam tambi\u00e9n ha presentado la candidatura de su actual canciller, Albert Ramdin.<\/p>\n<p>El funcionario fue secretario general adjunto de la OEA entre 2005 y 2015, \u00e9poca en la que el chileno Jos\u00e9 Miguel Insulza encabezaba el organismo.<\/p>\n<p>mg (efe, abc)<\/p>\n","protected":false},"excerpt":{"rendered":"<p>Paraguay\u00a0formaliz\u00f3 este martes (03.09.2024) la candidatura de su canciller, Rub\u00e9n Ram\u00edrez, para ocupar el cargo de secretario general de la Organizaci\u00f3n de Estados Americanos (OEA), en reemplazo de Luis Almagro, cuyo mandato expira en 2025. En una nota dirigida al Consejo Permanente de la organizaci\u00f3n interamericana, con sede en Washington, la Misi\u00f3n Permanente de Paraguay [&hellip;]<\/p>\n","protected":false},"author":1,"featured_media":6138,"comment_status":"open","ping_status":"open","sticky":false,"template":"","format":"standard","meta":{"footnotes":""},"categories":[8],"tags":[],"_links":{"self":[{"href":"https:\/\/infozamoraec.com\/index.php\/wp-json\/wp\/v2\/posts\/6134"}],"collection":[{"href":"https:\/\/infozamoraec.com\/index.php\/wp-json\/wp\/v2\/posts"}],"about":[{"href":"https:\/\/infozamoraec.com\/index.php\/wp-json\/wp\/v2\/types\/post"}],"author":[{"embeddable":true,"href":"https:\/\/infozamoraec.com\/index.php\/wp-json\/wp\/v2\/users\/1"}],"replies":[{"embeddable":true,"href":"https:\/\/infozamoraec.com\/index.php\/wp-json\/wp\/v2\/comments?post=6134"}],"version-history":[{"count":1,"href":"https:\/\/infozamoraec.com\/index.php\/wp-json\/wp\/v2\/posts\/6134\/revisions"}],"predecessor-version":[{"id":6139,"href":"https:\/\/infozamoraec.com\/index.php\/wp-json\/wp\/v2\/posts\/6134\/revisions\/6139"}],"wp:featuredmedia":[{"embeddable":true,"href":"https:\/\/infozamoraec.com\/index.php\/wp-json\/wp\/v2\/media\/6138"}],"wp:attachment":[{"href":"https:\/\/infozamoraec.com\/index.php\/wp-json\/wp\/v2\/media?parent=6134"}],"wp:term":[{"taxonomy":"category","embeddable":true,"href":"https:\/\/infozamoraec.com\/index.php\/wp-json\/wp\/v2\/categories?post=6134"},{"taxonomy":"post_tag","embeddable":true,"href":"https:\/\/infozamoraec.com\/index.php\/wp-json\/wp\/v2\/tags?post=6134"}],"curies":[{"name":"wp","href":"https:\/\/api.w.org\/{rel}","templated":true}]}}