{"id":6124,"date":"2024-09-04T01:47:36","date_gmt":"2024-09-04T01:47:36","guid":{"rendered":"https:\/\/infozamoraec.com\/?p=6124"},"modified":"2024-09-04T01:47:36","modified_gmt":"2024-09-04T01:47:36","slug":"caso-purga-fabiola-gallardo-y-otros-siete-procesados-seguiran-con-prision-preventiva","status":"publish","type":"post","link":"https:\/\/infozamoraec.com\/index.php\/2024\/09\/04\/caso-purga-fabiola-gallardo-y-otros-siete-procesados-seguiran-con-prision-preventiva\/","title":{"rendered":"Caso Purga &#8211; Fabiola Gallardo y otros siete procesados seguir\u00e1n con prisi\u00f3n preventiva"},"content":{"rendered":"<p>Fabiola Gallardo, expresidenta de la Corte de Justicia de Guayas, y siete procesados m\u00e1s, seguir\u00e1n con prisi\u00f3n preventiva. Ellos son investigados por el presunto delito de delincuencia organizada dentro del caso Purga.<\/p>\n<p>Los imputados hab\u00edan apelado su prisi\u00f3n preventiva y tuvieron audiencia el 7 de agosto de 2024. La audiencia se reinstal\u00f3 este 3 de septiembre con la decisi\u00f3n de un Tribunal de la Corte Nacional de Justicia.<br \/>\nGallardo aleg\u00f3 que su estancia en la c\u00e1rcel de Cotopaxi no cumple con las garant\u00edas para una persona privada de la libertad. Reclam\u00f3 que no se ha permitido la visita de sus familiares y que incluso recibe solo una comida al d\u00eda.<\/p>\n<p>El caso Purga se desprende del caso Met\u00e1stasis, puntualmente del tel\u00e9fono de Mayra Salazar.<\/p>\n<p>La Fiscal\u00eda sostiene que el exasamble\u00edsta socialcristiano, Pablo Muentes, lideraba una red con los jueces del Guayas para beneficios personales a cambio de dinero.<\/p>\n","protected":false},"excerpt":{"rendered":"<p>Fabiola Gallardo, expresidenta de la Corte de Justicia de Guayas, y siete procesados m\u00e1s, seguir\u00e1n con prisi\u00f3n preventiva. Ellos son investigados por el presunto delito de delincuencia organizada dentro del caso Purga. Los imputados hab\u00edan apelado su prisi\u00f3n preventiva y tuvieron audiencia el 7 de agosto de 2024. La audiencia se reinstal\u00f3 este 3 de [&hellip;]<\/p>\n","protected":false},"author":1,"featured_media":6125,"comment_status":"open","ping_status":"open","sticky":false,"template":"","format":"standard","meta":{"footnotes":""},"categories":[12],"tags":[],"_links":{"self":[{"href":"https:\/\/infozamoraec.com\/index.php\/wp-json\/wp\/v2\/posts\/6124"}],"collection":[{"href":"https:\/\/infozamoraec.com\/index.php\/wp-json\/wp\/v2\/posts"}],"about":[{"href":"https:\/\/infozamoraec.com\/index.php\/wp-json\/wp\/v2\/types\/post"}],"author":[{"embeddable":true,"href":"https:\/\/infozamoraec.com\/index.php\/wp-json\/wp\/v2\/users\/1"}],"replies":[{"embeddable":true,"href":"https:\/\/infozamoraec.com\/index.php\/wp-json\/wp\/v2\/comments?post=6124"}],"version-history":[{"count":1,"href":"https:\/\/infozamoraec.com\/index.php\/wp-json\/wp\/v2\/posts\/6124\/revisions"}],"predecessor-version":[{"id":6126,"href":"https:\/\/infozamoraec.com\/index.php\/wp-json\/wp\/v2\/posts\/6124\/revisions\/6126"}],"wp:featuredmedia":[{"embeddable":true,"href":"https:\/\/infozamoraec.com\/index.php\/wp-json\/wp\/v2\/media\/6125"}],"wp:attachment":[{"href":"https:\/\/infozamoraec.com\/index.php\/wp-json\/wp\/v2\/media?parent=6124"}],"wp:term":[{"taxonomy":"category","embeddable":true,"href":"https:\/\/infozamoraec.com\/index.php\/wp-json\/wp\/v2\/categories?post=6124"},{"taxonomy":"post_tag","embeddable":true,"href":"https:\/\/infozamoraec.com\/index.php\/wp-json\/wp\/v2\/tags?post=6124"}],"curies":[{"name":"wp","href":"https:\/\/api.w.org\/{rel}","templated":true}]}}