{"id":6118,"date":"2024-09-04T01:43:59","date_gmt":"2024-09-04T01:43:59","guid":{"rendered":"https:\/\/infozamoraec.com\/?p=6118"},"modified":"2024-09-04T02:17:22","modified_gmt":"2024-09-04T02:17:22","slug":"gad-centinela-del-condor-presento-proyecto-para-proteger-las-riberas-del-rio-zamora","status":"publish","type":"post","link":"https:\/\/infozamoraec.com\/index.php\/2024\/09\/04\/gad-centinela-del-condor-presento-proyecto-para-proteger-las-riberas-del-rio-zamora\/","title":{"rendered":"GAD Centinela del C\u00f3ndor present\u00f3 proyecto para proteger las riberas del rio Zamora"},"content":{"rendered":"<p>Este 3 de septiembre de 2024, el GAD Municipal de Centinela del C\u00f3ndor llev\u00f3 a cabo la presentaci\u00f3n del proyecto \u00abConstrucci\u00f3n de muros de contenci\u00f3n para mitigar los efectos del fen\u00f3meno del Ni\u00f1o y proteger la ribera del r\u00edo Zamora\u00bb. Este proyecto tambi\u00e9n contempla la reforestaci\u00f3n con \u00e1rboles nativos en el margen derecho del r\u00edo, espec\u00edficamente a la altura de la avenida Unidad Nacional, entre 8 de Septiembre y R\u00f3mulo Ormaza Encalada, en la ciudad de Zumbi.<\/p>\n<p>Durante el evento, que se realiz\u00f3 en el sal\u00f3n auditorio del GAD Municipal a partir de las 17h00, se socializ\u00f3 la reubicaci\u00f3n de las personas que residen en los m\u00e1rgenes del r\u00edo Zamora, en el sector de Ciudad Victoria.<\/p>\n<p>Los asistentes pudieron conocer los detalles del proyecto y contribuir a este proceso de transformaci\u00f3n que busca mejorar la seguridad y el entorno natural de la zona.<\/p>\n<p>Este esfuerzo forma parte de una estrategia m\u00e1s amplia para abordar los desaf\u00edos ambientales y sociales que enfrenta la localidad, destacando la importancia de la colaboraci\u00f3n y el compromiso de los ciudadanos en la implementaci\u00f3n de proyectos que beneficien a la comunidad.<\/p>\n<p>&nbsp;<\/p>\n","protected":false},"excerpt":{"rendered":"<p>Este 3 de septiembre de 2024, el GAD Municipal de Centinela del C\u00f3ndor llev\u00f3 a cabo la presentaci\u00f3n del proyecto \u00abConstrucci\u00f3n de muros de contenci\u00f3n para mitigar los efectos del fen\u00f3meno del Ni\u00f1o y proteger la ribera del r\u00edo Zamora\u00bb. Este proyecto tambi\u00e9n contempla la reforestaci\u00f3n con \u00e1rboles nativos en el margen derecho del r\u00edo, [&hellip;]<\/p>\n","protected":false},"author":1,"featured_media":6119,"comment_status":"open","ping_status":"open","sticky":false,"template":"","format":"standard","meta":{"footnotes":""},"categories":[9],"tags":[],"_links":{"self":[{"href":"https:\/\/infozamoraec.com\/index.php\/wp-json\/wp\/v2\/posts\/6118"}],"collection":[{"href":"https:\/\/infozamoraec.com\/index.php\/wp-json\/wp\/v2\/posts"}],"about":[{"href":"https:\/\/infozamoraec.com\/index.php\/wp-json\/wp\/v2\/types\/post"}],"author":[{"embeddable":true,"href":"https:\/\/infozamoraec.com\/index.php\/wp-json\/wp\/v2\/users\/1"}],"replies":[{"embeddable":true,"href":"https:\/\/infozamoraec.com\/index.php\/wp-json\/wp\/v2\/comments?post=6118"}],"version-history":[{"count":1,"href":"https:\/\/infozamoraec.com\/index.php\/wp-json\/wp\/v2\/posts\/6118\/revisions"}],"predecessor-version":[{"id":6120,"href":"https:\/\/infozamoraec.com\/index.php\/wp-json\/wp\/v2\/posts\/6118\/revisions\/6120"}],"wp:featuredmedia":[{"embeddable":true,"href":"https:\/\/infozamoraec.com\/index.php\/wp-json\/wp\/v2\/media\/6119"}],"wp:attachment":[{"href":"https:\/\/infozamoraec.com\/index.php\/wp-json\/wp\/v2\/media?parent=6118"}],"wp:term":[{"taxonomy":"category","embeddable":true,"href":"https:\/\/infozamoraec.com\/index.php\/wp-json\/wp\/v2\/categories?post=6118"},{"taxonomy":"post_tag","embeddable":true,"href":"https:\/\/infozamoraec.com\/index.php\/wp-json\/wp\/v2\/tags?post=6118"}],"curies":[{"name":"wp","href":"https:\/\/api.w.org\/{rel}","templated":true}]}}