{"id":6103,"date":"2024-09-03T01:49:25","date_gmt":"2024-09-03T01:49:25","guid":{"rendered":"https:\/\/infozamoraec.com\/?p=6103"},"modified":"2024-09-03T01:49:25","modified_gmt":"2024-09-03T01:49:25","slug":"el-supremo-de-brasil-avala-la-suspension-de-la-red-social-x","status":"publish","type":"post","link":"https:\/\/infozamoraec.com\/index.php\/2024\/09\/03\/el-supremo-de-brasil-avala-la-suspension-de-la-red-social-x\/","title":{"rendered":"El Supremo de Brasil avala la suspensi\u00f3n de la red social X"},"content":{"rendered":"<p>La primera sala del Supremo Tribunal Federal (STF),\u00a0la Corte Suprema de Brasil, consolid\u00f3 este lunes (02.09.2024) por unanimidad de cinco votos favorables la decisi\u00f3n cautelar que suspendi\u00f3 los servicios de la\u00a0<a class=\"internal-link\" href=\"https:\/\/www.dw.com\/es\/x\/t-37950327\" target=\"_blank\" rel=\"noopener\">red social X<\/a>\u00a0en el pa\u00eds, debido a reiterados desacatos del magnate\u00a0<a class=\"internal-link\" href=\"https:\/\/www.dw.com\/es\/elon-musk\/t-44295481\" target=\"_blank\" rel=\"noopener\">Elon Musk<\/a>\u00a0a diversas sentencias de ese tribunal.<\/p>\n<p>Los cinco magistrados que componen la sala se pronunciaron en forma virtual durante esta jornada y los primeros tres votos ya dejaron claro que el tribunal se inclinaba por ratificar la suspensi\u00f3n del servicio de X, que<a class=\"internal-link\" href=\"https:\/\/www.dw.com\/es\/comienza-bloqueo-de-la-red-social-x-en-brasil-tras-orden-judicial\/a-70098309\" target=\"_blank\" rel=\"noopener\">se ha hecho efectiva gradualmente desde la madrugada del pasado s\u00e1bado<\/a>.<\/p>\n<p>El primer voto fue del instructor del caso, Alexandre de Moraes, a quien Musk califica de \u00abdictador\u00bb e insulta desde hace meses en la propia X, despu\u00e9s de que orden\u00f3 suspender decenas de perfiles en esa plataforma, en el marco de un proceso sobre una masiva difusi\u00f3n de noticias falsas y ataques a la democracia y sus instituciones.<\/p>\n<p>Ninguna de esas \u00f3rdenes fue cumplida y Musk\u00a0<a class=\"internal-link\" href=\"https:\/\/www.dw.com\/es\/elon-musk-anuncia-cierre-de-oficina-de-x-en-brasil\/a-69970584\" target=\"_blank\" rel=\"noopener\">lleg\u00f3 a retirar del pa\u00eds a sus representantes legales en Brasil<\/a>, sobre quienes asegur\u00f3 que estaban bajo amenaza de ser encarcelados por De Moraes. En su voto, este cit\u00f3 los \u00abreiterados, conscientes y voluntarios incumplimientos de \u00f3rdenes judiciales y pago de multas\u00bb impuestas por el tribunal a la empresa de Musk y calculadas en total en unos cuatro millones de d\u00f3lares.<\/p>\n<p>Seg\u00fan el magistrado, eso tendr\u00eda la intenci\u00f3n de \u00abinstituir un ambiente de total impunidad y una &#8216;tierra sin ley\u00bb en las redes sociales y facilitar \u00abla actuaci\u00f3n de grupos extremistas y milicias digitales en las redes sociales\u00bb, mediante una \u00abmasiva divulgaci\u00f3n de discursos nazis, racistas, fascistas, de odio y antidemocr\u00e1ticos\u00bb. A la medida cautelar dictada contra X, se ha sumado otro frente de conflicto judicial con Starlink, tambi\u00e9n propiedad de Musk y que\u00a0<a class=\"internal-link\" href=\"https:\/\/www.dw.com\/es\/starlink-se-niega-a-suspender-la-red-social-x-en-brasil\/a-70106888\" target=\"_blank\" rel=\"noopener\">se ha negado a acatar la suspensi\u00f3n de la red social<\/a>\u00a0en Brasil.<\/p>\n<p>lgc (efe, globo)<\/p>\n","protected":false},"excerpt":{"rendered":"<p>La primera sala del Supremo Tribunal Federal (STF),\u00a0la Corte Suprema de Brasil, consolid\u00f3 este lunes (02.09.2024) por unanimidad de cinco votos favorables la decisi\u00f3n cautelar que suspendi\u00f3 los servicios de la\u00a0red social X\u00a0en el pa\u00eds, debido a reiterados desacatos del magnate\u00a0Elon Musk\u00a0a diversas sentencias de ese tribunal. Los cinco magistrados que componen la sala se [&hellip;]<\/p>\n","protected":false},"author":1,"featured_media":6107,"comment_status":"open","ping_status":"open","sticky":false,"template":"","format":"standard","meta":{"footnotes":""},"categories":[8],"tags":[],"_links":{"self":[{"href":"https:\/\/infozamoraec.com\/index.php\/wp-json\/wp\/v2\/posts\/6103"}],"collection":[{"href":"https:\/\/infozamoraec.com\/index.php\/wp-json\/wp\/v2\/posts"}],"about":[{"href":"https:\/\/infozamoraec.com\/index.php\/wp-json\/wp\/v2\/types\/post"}],"author":[{"embeddable":true,"href":"https:\/\/infozamoraec.com\/index.php\/wp-json\/wp\/v2\/users\/1"}],"replies":[{"embeddable":true,"href":"https:\/\/infozamoraec.com\/index.php\/wp-json\/wp\/v2\/comments?post=6103"}],"version-history":[{"count":1,"href":"https:\/\/infozamoraec.com\/index.php\/wp-json\/wp\/v2\/posts\/6103\/revisions"}],"predecessor-version":[{"id":6108,"href":"https:\/\/infozamoraec.com\/index.php\/wp-json\/wp\/v2\/posts\/6103\/revisions\/6108"}],"wp:featuredmedia":[{"embeddable":true,"href":"https:\/\/infozamoraec.com\/index.php\/wp-json\/wp\/v2\/media\/6107"}],"wp:attachment":[{"href":"https:\/\/infozamoraec.com\/index.php\/wp-json\/wp\/v2\/media?parent=6103"}],"wp:term":[{"taxonomy":"category","embeddable":true,"href":"https:\/\/infozamoraec.com\/index.php\/wp-json\/wp\/v2\/categories?post=6103"},{"taxonomy":"post_tag","embeddable":true,"href":"https:\/\/infozamoraec.com\/index.php\/wp-json\/wp\/v2\/tags?post=6103"}],"curies":[{"name":"wp","href":"https:\/\/api.w.org\/{rel}","templated":true}]}}