{"id":6097,"date":"2024-09-03T01:45:12","date_gmt":"2024-09-03T01:45:12","guid":{"rendered":"https:\/\/infozamoraec.com\/?p=6097"},"modified":"2024-09-03T01:45:12","modified_gmt":"2024-09-03T01:45:12","slug":"noboa-debera-pedir-licencia-para-ir-por-la-reeleccion-si-o-si-explica-el-cne","status":"publish","type":"post","link":"https:\/\/infozamoraec.com\/index.php\/2024\/09\/03\/noboa-debera-pedir-licencia-para-ir-por-la-reeleccion-si-o-si-explica-el-cne\/","title":{"rendered":"Noboa deber\u00e1 pedir licencia para ir por la reelecci\u00f3n s\u00ed o s\u00ed, explica el CNE"},"content":{"rendered":"<p>Es la ley y aplica para todos. El vicepresidente del Consejo Nacional Electoral (CNE), Enrique Pita, despej\u00f3 varias dudas de cara a las\u00a0<a href=\"https:\/\/www.expreso.ec\/tag\/elecciones-2025\" target=\"_blank\" rel=\"noopener noreferrer nofollow\"><strong>elecciones generales de 2025<\/strong><\/a>, como la campa\u00f1a anticipada en redes sociales, las alianzas aceptadas hasta ahora, la inscripci\u00f3n de candidaturas, la precandidata del Partido Socialista que figura como fallecida y las licencias que deber\u00e1n solicitar los funcionarios que buscan la reelecci\u00f3n en las urnas, como el presidente Daniel Noboa.<\/p>\n<p>Sobre ese \u00faltimo tema, Pita se\u00f1al\u00f3 que la ley lo estipula y, de incumplirse, el Tribunal Contencioso Electoral (TCE) es el ente encargado de sancionar, no el CNE: \u00abEs importante mencionar que el presidente de la Rep\u00fablica o cualquier otro funcionario que opte por una reelecci\u00f3n tiene que presentar una licencia.\u00a0<strong>Nuestra obligaci\u00f3n es regular que esto se cumpla<\/strong>, pero quien sanciona el incumplimiento es el TCE. La ley es clara\u00bb, aclar\u00f3 Pita en una entrevista concedida a Teleamazonas.<\/p>\n<blockquote>\n<h2><strong>Campa\u00f1a anticipada<\/strong><\/h2>\n<\/blockquote>\n<p>Sobre la campa\u00f1a anticipada en redes sociales, Pita se\u00f1al\u00f3 que, una vez m\u00e1s, la ley limita dicha regulaci\u00f3n, pues estipula una auditor\u00eda en cuanto a gastos, pero no sobre el contenido que se publique previo a la campa\u00f1a.<\/p>\n<p>\u00abLamentablemente, a nivel de redes sociales, hay una situaci\u00f3n clara en relaci\u00f3n con pronunciamientos legales previos, que indican que podemos hacer el control del gasto electoral en medios de comunicaci\u00f3n y medios digitales leg\u00edtimos. En redes sociales hacemos un control relacionado con el gasto; lamentablemente,<strong>\u00a0solo se puede hacer lo que est\u00e1 contemplado en la ley\u00a0<\/strong>y no existe una norma que permita que hagamos ese tipo de auditor\u00edas\u00bb, aclar\u00f3 Pita.<\/p>\n<blockquote>\n<h2><strong>La candidata que refleja como fallecida<\/strong><\/h2>\n<\/blockquote>\n<p>Sobre la denuncia de el Partido Socialista Ecuatoriano (PSE) que descubri\u00f3 que su candidata a la Vicepresidencia de la Rep\u00fablica,\u00a0<strong>Ver\u00f3nica Silva<\/strong>, consta como fallecida seg\u00fan los registros del Consejo Nacional Electoral (CNE). Enrique Pita asegur\u00f3 que es un escenario que no les compete: \u00abEl problema de esta persona no es del Consejo Nacional Electoral, sino del Registro Civil. Lo que es cierto es que, si se inscribe esa candidatura, nosotros vamos a verificar que est\u00e9 de acuerdo con el padr\u00f3n electoral vigente. Y si ah\u00ed consta como fallecida, es algo que el CNE no va a poder resolver\u00bb.<\/p>\n","protected":false},"excerpt":{"rendered":"<p>Es la ley y aplica para todos. El vicepresidente del Consejo Nacional Electoral (CNE), Enrique Pita, despej\u00f3 varias dudas de cara a las\u00a0elecciones generales de 2025, como la campa\u00f1a anticipada en redes sociales, las alianzas aceptadas hasta ahora, la inscripci\u00f3n de candidaturas, la precandidata del Partido Socialista que figura como fallecida y las licencias que [&hellip;]<\/p>\n","protected":false},"author":1,"featured_media":6100,"comment_status":"open","ping_status":"open","sticky":false,"template":"","format":"standard","meta":{"footnotes":""},"categories":[12],"tags":[],"_links":{"self":[{"href":"https:\/\/infozamoraec.com\/index.php\/wp-json\/wp\/v2\/posts\/6097"}],"collection":[{"href":"https:\/\/infozamoraec.com\/index.php\/wp-json\/wp\/v2\/posts"}],"about":[{"href":"https:\/\/infozamoraec.com\/index.php\/wp-json\/wp\/v2\/types\/post"}],"author":[{"embeddable":true,"href":"https:\/\/infozamoraec.com\/index.php\/wp-json\/wp\/v2\/users\/1"}],"replies":[{"embeddable":true,"href":"https:\/\/infozamoraec.com\/index.php\/wp-json\/wp\/v2\/comments?post=6097"}],"version-history":[{"count":1,"href":"https:\/\/infozamoraec.com\/index.php\/wp-json\/wp\/v2\/posts\/6097\/revisions"}],"predecessor-version":[{"id":6101,"href":"https:\/\/infozamoraec.com\/index.php\/wp-json\/wp\/v2\/posts\/6097\/revisions\/6101"}],"wp:featuredmedia":[{"embeddable":true,"href":"https:\/\/infozamoraec.com\/index.php\/wp-json\/wp\/v2\/media\/6100"}],"wp:attachment":[{"href":"https:\/\/infozamoraec.com\/index.php\/wp-json\/wp\/v2\/media?parent=6097"}],"wp:term":[{"taxonomy":"category","embeddable":true,"href":"https:\/\/infozamoraec.com\/index.php\/wp-json\/wp\/v2\/categories?post=6097"},{"taxonomy":"post_tag","embeddable":true,"href":"https:\/\/infozamoraec.com\/index.php\/wp-json\/wp\/v2\/tags?post=6097"}],"curies":[{"name":"wp","href":"https:\/\/api.w.org\/{rel}","templated":true}]}}