{"id":6020,"date":"2024-08-29T00:59:08","date_gmt":"2024-08-29T00:59:08","guid":{"rendered":"https:\/\/infozamoraec.com\/?p=6020"},"modified":"2024-08-29T00:59:08","modified_gmt":"2024-08-29T00:59:08","slug":"honduras-da-por-terminado-tratado-de-extradicion-con-ee-uu","status":"publish","type":"post","link":"https:\/\/infozamoraec.com\/index.php\/2024\/08\/29\/honduras-da-por-terminado-tratado-de-extradicion-con-ee-uu\/","title":{"rendered":"Honduras da por terminado tratado de extradici\u00f3n con EE.UU."},"content":{"rendered":"<p><a class=\"internal-link\" href=\"https:\/\/www.dw.com\/es\/honduras\/t-17412594\" target=\"_blank\" rel=\"noopener\">Honduras<\/a>\u00a0notific\u00f3 este mi\u00e9rcoles (28.08.2024) a\u00a0<a class=\"internal-link\" href=\"https:\/\/www.dw.com\/es\/estados-unidos\/t-17411942\" target=\"_blank\" rel=\"noopener\">Estados Unidos<\/a>\u00a0la decisi\u00f3n de dar \u00abpor terminado\u00bb el tratado de extradici\u00f3n entre los dos pa\u00edses, inform\u00f3 el canciller hondure\u00f1o, Eduardo Enrique Reina, en medio del rechazo generalizado a la medida tomada por el Gobierno de Xiomara Castro.<\/p>\n<p>En una rueda de prensa, Reina indic\u00f3 que remiti\u00f3 una nota verbal a la Embajada de Estados Unidos en Tegucigalpa en la que notifica \u00aboficialmente la denuncia al Gobierno de los EE.UU. del tratado de extradici\u00f3n\u00bb entre las dos naciones.<\/p>\n<p>El anuncio se produjo horas despu\u00e9s de que la presidenta Castro, ordenara a Reina \u00abdenunciar\u00bb el tratado de extradici\u00f3n luego de que la embajadora estadounidense, Laura Dogu, expres\u00f3 la preocupaci\u00f3n de su pa\u00eds por la reuni\u00f3n de autoridades de Defensa de Honduras con el sancionado ministro de Defensa de Venezuela, Vladimir Padrino L\u00f3pez.<\/p>\n<p>Dogu dijo este mi\u00e9rcoles a periodistas que fue \u00absorprendente y un poco decepcionante ver oficiales del Gobierno (hondure\u00f1o) sentados con miembros de un cartel basado en Venezuela\u00bb, cuando la presidenta Castro \u00abest\u00e1 en una lucha constante contra los narcotraficantes\u00bb.<\/p>\n<p>Diversos sectores nacionales y extranjeros expresaron de inmediato su rechazo a la decisi\u00f3n de la presidenta Castro, pues ven la medida como un retroceso en la lucha contra el narcotr\u00e1fico.<\/p>\n<p>\u00abSacaron las u\u00f1as. El gobierno de @XiomaraCastroZ ha decidido mandar al carajo la extradici\u00f3n que solo ha servido para que juzguen a los narcos que aqu\u00ed gozan de impunidad. Con esta decisi\u00f3n est\u00e1n defendiendo a los narcos\u00bb, se\u00f1al\u00f3 el diputado opositor Jorge C\u00e1lix en un mensaje en X.<\/p>\n<p>C\u00e1lix, quien es diputado del opositor Partido Liberal, pidi\u00f3 al Gobierno que \u00abno se excuse en la soberan\u00eda para proteger sus intereses\u00bb y que \u00absi no quieren la extradici\u00f3n es porque ya tienen informaci\u00f3n que los pr\u00f3ximos extraditados est\u00e1n en altos cargos de este gobierno\u00bb.<\/p>\n","protected":false},"excerpt":{"rendered":"<p>Honduras\u00a0notific\u00f3 este mi\u00e9rcoles (28.08.2024) a\u00a0Estados Unidos\u00a0la decisi\u00f3n de dar \u00abpor terminado\u00bb el tratado de extradici\u00f3n entre los dos pa\u00edses, inform\u00f3 el canciller hondure\u00f1o, Eduardo Enrique Reina, en medio del rechazo generalizado a la medida tomada por el Gobierno de Xiomara Castro. En una rueda de prensa, Reina indic\u00f3 que remiti\u00f3 una nota verbal a la [&hellip;]<\/p>\n","protected":false},"author":1,"featured_media":6021,"comment_status":"open","ping_status":"open","sticky":false,"template":"","format":"standard","meta":{"footnotes":""},"categories":[8],"tags":[],"_links":{"self":[{"href":"https:\/\/infozamoraec.com\/index.php\/wp-json\/wp\/v2\/posts\/6020"}],"collection":[{"href":"https:\/\/infozamoraec.com\/index.php\/wp-json\/wp\/v2\/posts"}],"about":[{"href":"https:\/\/infozamoraec.com\/index.php\/wp-json\/wp\/v2\/types\/post"}],"author":[{"embeddable":true,"href":"https:\/\/infozamoraec.com\/index.php\/wp-json\/wp\/v2\/users\/1"}],"replies":[{"embeddable":true,"href":"https:\/\/infozamoraec.com\/index.php\/wp-json\/wp\/v2\/comments?post=6020"}],"version-history":[{"count":1,"href":"https:\/\/infozamoraec.com\/index.php\/wp-json\/wp\/v2\/posts\/6020\/revisions"}],"predecessor-version":[{"id":6022,"href":"https:\/\/infozamoraec.com\/index.php\/wp-json\/wp\/v2\/posts\/6020\/revisions\/6022"}],"wp:featuredmedia":[{"embeddable":true,"href":"https:\/\/infozamoraec.com\/index.php\/wp-json\/wp\/v2\/media\/6021"}],"wp:attachment":[{"href":"https:\/\/infozamoraec.com\/index.php\/wp-json\/wp\/v2\/media?parent=6020"}],"wp:term":[{"taxonomy":"category","embeddable":true,"href":"https:\/\/infozamoraec.com\/index.php\/wp-json\/wp\/v2\/categories?post=6020"},{"taxonomy":"post_tag","embeddable":true,"href":"https:\/\/infozamoraec.com\/index.php\/wp-json\/wp\/v2\/tags?post=6020"}],"curies":[{"name":"wp","href":"https:\/\/api.w.org\/{rel}","templated":true}]}}