{"id":6011,"date":"2024-08-29T00:51:40","date_gmt":"2024-08-29T00:51:40","guid":{"rendered":"https:\/\/infozamoraec.com\/?p=6011"},"modified":"2024-08-29T00:51:40","modified_gmt":"2024-08-29T00:51:40","slug":"union-europea-reconoce-avances-en-el-sistema-penitenciario-ecuatoriano","status":"publish","type":"post","link":"https:\/\/infozamoraec.com\/index.php\/2024\/08\/29\/union-europea-reconoce-avances-en-el-sistema-penitenciario-ecuatoriano\/","title":{"rendered":"Uni\u00f3n Europea reconoce avances en el sistema penitenciario ecuatoriano"},"content":{"rendered":"<p>Escuador es uno de los pa\u00edses que m\u00e1s inversi\u00f3n ha recibido de la Uni\u00f3n Europea y es considerado un \u00absocio estrat\u00e9gico\u00bb por parte del organismo. En ese sentido, durante el cierre del programa EURESP, llevado a cabo la noche del 27 de agosto de 2024, resalt\u00f3 c\u00f3mo, en dos a\u00f1os, este ha fortalecido de manera contundente gracias a la gesti\u00f3n del sistema penitenciario del pa\u00eds, aline\u00e1ndose con est\u00e1ndares internacionales de derechos humanos, rehabilitaci\u00f3n e inserci\u00f3n social.<\/p>\n<p>La EURESP, indic\u00f3 que Ecuador logr\u00f3 el avance en ciertos temas cruciales :<\/p>\n<ul>\n<li><\/li>\n<li>Instalaci\u00f3n de 3 sistemas de videovigilancia en centros penitenciarios clave.<\/li>\n<li>Desarrollo de estrategias y protocolos para la prevenci\u00f3n y gesti\u00f3n de crisis.<\/li>\n<li>Formaci\u00f3n de 1,400 nuevos gu\u00edas penitenciarios bajo est\u00e1ndares de la ONU.<\/li>\n<li>Capacitaci\u00f3n especializada para unidades penitenciarias especiales.<\/li>\n<li>Creaci\u00f3n de un modelo de gesti\u00f3n para el Centro de Formaci\u00f3n y Capacitaci\u00f3n Penitenciaria.<\/li>\n<\/ul>\n<p>Por ello, la Canciller Gabriela Sommerferld indic\u00f3 que Ecuador recibir\u00e1 todav\u00eda m\u00e1s inversi\u00f3n por parte de Europa. Hace poco, el pa\u00eds recibi\u00f3 drones para controlar las c\u00e1rceles del pa\u00eds y la Fiscal\u00eda General del Estado tuvo un reconocimiento por parte de Italia y tambi\u00e9n de la UE como una entidad comprometida con la lucha contra la corrupci\u00f3n y el crimen organizado.<\/p>\n","protected":false},"excerpt":{"rendered":"<p>Escuador es uno de los pa\u00edses que m\u00e1s inversi\u00f3n ha recibido de la Uni\u00f3n Europea y es considerado un \u00absocio estrat\u00e9gico\u00bb por parte del organismo. En ese sentido, durante el cierre del programa EURESP, llevado a cabo la noche del 27 de agosto de 2024, resalt\u00f3 c\u00f3mo, en dos a\u00f1os, este ha fortalecido de manera [&hellip;]<\/p>\n","protected":false},"author":1,"featured_media":6012,"comment_status":"open","ping_status":"open","sticky":false,"template":"","format":"standard","meta":{"footnotes":""},"categories":[12],"tags":[],"_links":{"self":[{"href":"https:\/\/infozamoraec.com\/index.php\/wp-json\/wp\/v2\/posts\/6011"}],"collection":[{"href":"https:\/\/infozamoraec.com\/index.php\/wp-json\/wp\/v2\/posts"}],"about":[{"href":"https:\/\/infozamoraec.com\/index.php\/wp-json\/wp\/v2\/types\/post"}],"author":[{"embeddable":true,"href":"https:\/\/infozamoraec.com\/index.php\/wp-json\/wp\/v2\/users\/1"}],"replies":[{"embeddable":true,"href":"https:\/\/infozamoraec.com\/index.php\/wp-json\/wp\/v2\/comments?post=6011"}],"version-history":[{"count":1,"href":"https:\/\/infozamoraec.com\/index.php\/wp-json\/wp\/v2\/posts\/6011\/revisions"}],"predecessor-version":[{"id":6013,"href":"https:\/\/infozamoraec.com\/index.php\/wp-json\/wp\/v2\/posts\/6011\/revisions\/6013"}],"wp:featuredmedia":[{"embeddable":true,"href":"https:\/\/infozamoraec.com\/index.php\/wp-json\/wp\/v2\/media\/6012"}],"wp:attachment":[{"href":"https:\/\/infozamoraec.com\/index.php\/wp-json\/wp\/v2\/media?parent=6011"}],"wp:term":[{"taxonomy":"category","embeddable":true,"href":"https:\/\/infozamoraec.com\/index.php\/wp-json\/wp\/v2\/categories?post=6011"},{"taxonomy":"post_tag","embeddable":true,"href":"https:\/\/infozamoraec.com\/index.php\/wp-json\/wp\/v2\/tags?post=6011"}],"curies":[{"name":"wp","href":"https:\/\/api.w.org\/{rel}","templated":true}]}}