{"id":6008,"date":"2024-08-29T00:49:28","date_gmt":"2024-08-29T00:49:28","guid":{"rendered":"https:\/\/infozamoraec.com\/?p=6008"},"modified":"2024-08-29T00:49:28","modified_gmt":"2024-08-29T00:49:28","slug":"johanna-verdezoto-nueva-vicepresidenta-del-cpccs","status":"publish","type":"post","link":"https:\/\/infozamoraec.com\/index.php\/2024\/08\/29\/johanna-verdezoto-nueva-vicepresidenta-del-cpccs\/","title":{"rendered":"Johanna Verdezoto, nueva vicepresidenta del CPCCS"},"content":{"rendered":"<p>El Pleno del Consejo de Participaci\u00f3n Ciudadana y Control Social (<strong><a title=\"Cpccs\" href=\"https:\/\/x.com\/CpccsEc\" target=\"_blank\" rel=\"noopener\">Cpccs<\/a><\/strong>) eligi\u00f3, este mi\u00e9rcoles 28 de agosto del 2024, a la\u00a0<strong>consejera\u00a0<a title=\"Johanna Verdezoto\" href=\"https:\/\/www.larepublica.ec\/?s=Johana+Verdezoto\" target=\"_blank\" rel=\"noopener\">Johanna Verdezoto<\/a><\/strong>\u00a0como la nueva\u00a0<strong>Vicepresidenta\u00a0<\/strong>de ese organismo.<\/p>\n<p>Verdezoto fue elegida con\u00a0<strong>cuatro votos a favor<\/strong>\u00a0(de la propia Verdezoto,\u00a0<strong>Juan Esteba Guarderas, Andr\u00e9s Fantoni y Jazm\u00edn Enr\u00edquez<\/strong>), dos en contra (<strong>Yadira Saltos y Nicole Bonifaz<\/strong>) y una abstenci\u00f3n, del corre\u00edsta Augusto Verduga. Ella\u00a0<strong>reemplazar\u00e1 a Mishelle Calvache<\/strong>, quien present\u00f3 su\u00a0<strong>renuncia al Cpccs<\/strong>\u00a0la semana anterior, para ser candidata a la vicepresidencia de la Rep\u00fablica con Jan Topic, por SUMA.<\/p>\n<p><strong>Saltos y Bonifaz votaron en contra<\/strong>. Ambas arguyeron que Verdezoto tiene en marcha una solicitud de juicio pol\u00edtico en la Asamblea y ayud\u00f3 con su voto a que Bonifaz sea removida de la presidencia del Cpccs.<\/p>\n<p>Tras ser escogida como nueva Vicepresidenta del Cpccs, Verdezoto dijo que hasta el momento el Cpccs ha\u00a0<strong>cumplido con el cronograma para la designaci\u00f3n de autoridades<\/strong>: Defensor P\u00fablico, Presidente del Consejo de la Judicatura y representantes de las Superintendencias.<\/p>\n","protected":false},"excerpt":{"rendered":"<p>El Pleno del Consejo de Participaci\u00f3n Ciudadana y Control Social (Cpccs) eligi\u00f3, este mi\u00e9rcoles 28 de agosto del 2024, a la\u00a0consejera\u00a0Johanna Verdezoto\u00a0como la nueva\u00a0Vicepresidenta\u00a0de ese organismo. Verdezoto fue elegida con\u00a0cuatro votos a favor\u00a0(de la propia Verdezoto,\u00a0Juan Esteba Guarderas, Andr\u00e9s Fantoni y Jazm\u00edn Enr\u00edquez), dos en contra (Yadira Saltos y Nicole Bonifaz) y una abstenci\u00f3n, del [&hellip;]<\/p>\n","protected":false},"author":1,"featured_media":6009,"comment_status":"open","ping_status":"open","sticky":false,"template":"","format":"standard","meta":{"footnotes":""},"categories":[12],"tags":[],"_links":{"self":[{"href":"https:\/\/infozamoraec.com\/index.php\/wp-json\/wp\/v2\/posts\/6008"}],"collection":[{"href":"https:\/\/infozamoraec.com\/index.php\/wp-json\/wp\/v2\/posts"}],"about":[{"href":"https:\/\/infozamoraec.com\/index.php\/wp-json\/wp\/v2\/types\/post"}],"author":[{"embeddable":true,"href":"https:\/\/infozamoraec.com\/index.php\/wp-json\/wp\/v2\/users\/1"}],"replies":[{"embeddable":true,"href":"https:\/\/infozamoraec.com\/index.php\/wp-json\/wp\/v2\/comments?post=6008"}],"version-history":[{"count":1,"href":"https:\/\/infozamoraec.com\/index.php\/wp-json\/wp\/v2\/posts\/6008\/revisions"}],"predecessor-version":[{"id":6010,"href":"https:\/\/infozamoraec.com\/index.php\/wp-json\/wp\/v2\/posts\/6008\/revisions\/6010"}],"wp:featuredmedia":[{"embeddable":true,"href":"https:\/\/infozamoraec.com\/index.php\/wp-json\/wp\/v2\/media\/6009"}],"wp:attachment":[{"href":"https:\/\/infozamoraec.com\/index.php\/wp-json\/wp\/v2\/media?parent=6008"}],"wp:term":[{"taxonomy":"category","embeddable":true,"href":"https:\/\/infozamoraec.com\/index.php\/wp-json\/wp\/v2\/categories?post=6008"},{"taxonomy":"post_tag","embeddable":true,"href":"https:\/\/infozamoraec.com\/index.php\/wp-json\/wp\/v2\/tags?post=6008"}],"curies":[{"name":"wp","href":"https:\/\/api.w.org\/{rel}","templated":true}]}}