{"id":5999,"date":"2024-08-29T00:36:31","date_gmt":"2024-08-29T00:36:31","guid":{"rendered":"https:\/\/infozamoraec.com\/?p=5999"},"modified":"2024-08-29T00:36:31","modified_gmt":"2024-08-29T00:36:31","slug":"elecciones-de-representantes-de-la-sociedad-civil-en-zamora","status":"publish","type":"post","link":"https:\/\/infozamoraec.com\/index.php\/2024\/08\/29\/elecciones-de-representantes-de-la-sociedad-civil-en-zamora\/","title":{"rendered":"Elecciones de Representantes de la Sociedad Civil en Zamora"},"content":{"rendered":"<p>En el auditorio del Consejo Nacional Electoral (CNE), se llevaron a cabo las elecciones de los representantes de la sociedad civil para la conformaci\u00f3n del Consejo Cantonal de Protecci\u00f3n Integral de los Derechos del cant\u00f3n Zamora.<\/p>\n<p>En este evento estuvieron presentes Franz Regalado, presidente de la Comisi\u00f3n Electoral, Sandro I\u00f1iguez y Diego Oleas, integrantes de la Comisi\u00f3n Electoral, delegados del CNE y ocho organizaciones de la sociedad civil.<\/p>\n<p>Despu\u00e9s del proceso electoral, el Consejo cantonal qued\u00f3 conformado de la siguiente manera:<\/p>\n<p><strong>Organizaciones de G\u00e9nero:<\/strong><br \/>\n&#8211; Principal: Ab. Benitez \u00c1lvarez Diana Soledad<br \/>\n&#8211; Alterna: Lic. Santorum Piedra Gianina Mariccela<\/p>\n<p><strong>Organizaciones \u00c9tnicas, Nacionalidades e Interculturales:<\/strong><br \/>\n&#8211; Principal: Valencia Orejuela Luis Asael<br \/>\n&#8211; Alterna: Valencia Orejuela Diana Mar\u00eda<\/p>\n<p><strong>Organizaciones Juveniles:<\/strong><br \/>\n&#8211; Principal: Pacheco Moreno Nelly Carolina<br \/>\n&#8211; Alterno: Jumbo Ram\u00f3n David Santiago<\/p>\n<p><strong>Organizaciones de Personas en Movilidad Humana:<\/strong><br \/>\n&#8211; Principal: Zhindon Yascaribay Jos\u00e9 Marcelo<br \/>\n&#8211; Alterno: Balladarez Castillo Betty Rosario<\/p>\n<p><strong>Organizaciones de Personas con Discapacidad:<\/strong><br \/>\n&#8211; Principal: Lic. S\u00e1nchez Poma Willian Efr\u00e9n<br \/>\n&#8211; Alterno: Dr. I\u00f1amagua Averos Miguel \u00c1ngel<\/p>\n<p>Este proceso busca fortalecer la participaci\u00f3n de la sociedad civil en la protecci\u00f3n de los derechos en el cant\u00f3n Zamora.<\/p>\n<p>&nbsp;<\/p>\n","protected":false},"excerpt":{"rendered":"<p>En el auditorio del Consejo Nacional Electoral (CNE), se llevaron a cabo las elecciones de los representantes de la sociedad civil para la conformaci\u00f3n del Consejo Cantonal de Protecci\u00f3n Integral de los Derechos del cant\u00f3n Zamora. En este evento estuvieron presentes Franz Regalado, presidente de la Comisi\u00f3n Electoral, Sandro I\u00f1iguez y Diego Oleas, integrantes de [&hellip;]<\/p>\n","protected":false},"author":1,"featured_media":6000,"comment_status":"open","ping_status":"open","sticky":false,"template":"","format":"standard","meta":{"footnotes":""},"categories":[9],"tags":[],"_links":{"self":[{"href":"https:\/\/infozamoraec.com\/index.php\/wp-json\/wp\/v2\/posts\/5999"}],"collection":[{"href":"https:\/\/infozamoraec.com\/index.php\/wp-json\/wp\/v2\/posts"}],"about":[{"href":"https:\/\/infozamoraec.com\/index.php\/wp-json\/wp\/v2\/types\/post"}],"author":[{"embeddable":true,"href":"https:\/\/infozamoraec.com\/index.php\/wp-json\/wp\/v2\/users\/1"}],"replies":[{"embeddable":true,"href":"https:\/\/infozamoraec.com\/index.php\/wp-json\/wp\/v2\/comments?post=5999"}],"version-history":[{"count":1,"href":"https:\/\/infozamoraec.com\/index.php\/wp-json\/wp\/v2\/posts\/5999\/revisions"}],"predecessor-version":[{"id":6001,"href":"https:\/\/infozamoraec.com\/index.php\/wp-json\/wp\/v2\/posts\/5999\/revisions\/6001"}],"wp:featuredmedia":[{"embeddable":true,"href":"https:\/\/infozamoraec.com\/index.php\/wp-json\/wp\/v2\/media\/6000"}],"wp:attachment":[{"href":"https:\/\/infozamoraec.com\/index.php\/wp-json\/wp\/v2\/media?parent=5999"}],"wp:term":[{"taxonomy":"category","embeddable":true,"href":"https:\/\/infozamoraec.com\/index.php\/wp-json\/wp\/v2\/categories?post=5999"},{"taxonomy":"post_tag","embeddable":true,"href":"https:\/\/infozamoraec.com\/index.php\/wp-json\/wp\/v2\/tags?post=5999"}],"curies":[{"name":"wp","href":"https:\/\/api.w.org\/{rel}","templated":true}]}}