{"id":5993,"date":"2024-08-28T02:41:20","date_gmt":"2024-08-28T02:41:20","guid":{"rendered":"https:\/\/infozamoraec.com\/?p=5993"},"modified":"2024-08-28T02:41:20","modified_gmt":"2024-08-28T02:41:20","slug":"petro-a-ortega-al-menos-no-arrastro-los-derechos-humanos","status":"publish","type":"post","link":"https:\/\/infozamoraec.com\/index.php\/2024\/08\/28\/petro-a-ortega-al-menos-no-arrastro-los-derechos-humanos\/","title":{"rendered":"Petro a Ortega: \u00abAl menos no arrastro los derechos humanos\u00bb"},"content":{"rendered":"<p>El presidente colombiano,\u00a0<a class=\"internal-link\" href=\"https:\/\/www.dw.com\/es\/gustavo-petro\/t-42895097\" target=\"_blank\" rel=\"noopener\">Gustavo Petro<\/a>, asegur\u00f3 el martes (27.08.2024) que \u00abal menos\u00bb su gobierno no arrastra \u00ablos derechos humanos del pueblo\u00bb como hace el de su hom\u00f3logo nicarag\u00fcense,\u00a0<a class=\"internal-link\" href=\"https:\/\/www.dw.com\/es\/ortega-daniel\/t-19442508\" target=\"_blank\" rel=\"noopener\">Daniel Ortega<\/a>, quien el lunes lo\u00a0<a class=\"internal-link\" href=\"https:\/\/www.dw.com\/es\/daniel-ortega-llama-arrastrado-a-lula-en-cumbre-virtual-del-alba\/a-70056404\" target=\"_blank\" rel=\"noopener\">acus\u00f3 de defender los intereses de Estados Unidos<\/a>\u00a0en Latinoam\u00e9rica por no reconocer los resultados de las elecciones venezolanas.<\/p>\n<p>\u00abNos ha llamado (al presidente de Brasil, Luiz In\u00e1cio Lula da Silva, y a Petro) &#8216;arrastrados&#8217; Daniel Ortega, solo porque queremos una soluci\u00f3n negociada pac\u00edfica y democr\u00e1tica en Venezuela\u00bb, expres\u00f3 el mandatario colombiano en la red social X.<\/p>\n<p>Agreg\u00f3 que a \u00abtal insulto me permitp contestarle: Al menos no arrastro los derechos humanos del pueblo de mi pa\u00eds y menos los de mis compa\u00f1eros de armas y de lucha contra las dictaduras\u00bb.<\/p>\n<p>Ortega asegur\u00f3 en una cumbre virtual con jefes de Estado de la Alianza Bolivariana para los Pueblos de Nuestra Am\u00e9rica (ALBA) que a Petro lo ve \u00abcompitiendo con Lula en ver qui\u00e9n va a ser el l\u00edder que va a representar a los yankis en Am\u00e9rica Latina\u00bb.<\/p>\n<p>\u00abAs\u00ed lo veo a Petro, pero el pobre Petro no tiene la fuerza que tiene l\u00f3gicamente Brasil\u00bb, agreg\u00f3 el mandatario sandinista, que critic\u00f3 a sus colegas por no reconocer la reeleccion de su aliado, el presidente de Venezuela, Nicol\u00e1s Maduro, en las controvertidas elecciones del pasado 28 de julio.<\/p>\n<p>Lula y Petro insistieron el s\u00e1bado en la necesidad de difundir las actas electorales \u00abdesglosadas por mesa de votaci\u00f3n\u00bb, tras el aval del Tribunal Supremo de Venezuela a la victoria de Maduro, del que \u00abtomaron nota\u00bb.<\/p>\n<p>\u00abAmbos presidentes siguen convencidos de que la credibilidad del proceso electoral solo podr\u00e1 restablecerse mediante la publicaci\u00f3n transparente de datos desglosados y verificables\u00bb, seg\u00fan una declaraci\u00f3n conjunta de los dos pa\u00edses.<\/p>\n<p>gs (efe, afp)<\/p>\n","protected":false},"excerpt":{"rendered":"<p>El presidente colombiano,\u00a0Gustavo Petro, asegur\u00f3 el martes (27.08.2024) que \u00abal menos\u00bb su gobierno no arrastra \u00ablos derechos humanos del pueblo\u00bb como hace el de su hom\u00f3logo nicarag\u00fcense,\u00a0Daniel Ortega, quien el lunes lo\u00a0acus\u00f3 de defender los intereses de Estados Unidos\u00a0en Latinoam\u00e9rica por no reconocer los resultados de las elecciones venezolanas. \u00abNos ha llamado (al presidente de [&hellip;]<\/p>\n","protected":false},"author":1,"featured_media":5994,"comment_status":"open","ping_status":"open","sticky":false,"template":"","format":"standard","meta":{"footnotes":""},"categories":[8],"tags":[],"_links":{"self":[{"href":"https:\/\/infozamoraec.com\/index.php\/wp-json\/wp\/v2\/posts\/5993"}],"collection":[{"href":"https:\/\/infozamoraec.com\/index.php\/wp-json\/wp\/v2\/posts"}],"about":[{"href":"https:\/\/infozamoraec.com\/index.php\/wp-json\/wp\/v2\/types\/post"}],"author":[{"embeddable":true,"href":"https:\/\/infozamoraec.com\/index.php\/wp-json\/wp\/v2\/users\/1"}],"replies":[{"embeddable":true,"href":"https:\/\/infozamoraec.com\/index.php\/wp-json\/wp\/v2\/comments?post=5993"}],"version-history":[{"count":1,"href":"https:\/\/infozamoraec.com\/index.php\/wp-json\/wp\/v2\/posts\/5993\/revisions"}],"predecessor-version":[{"id":5995,"href":"https:\/\/infozamoraec.com\/index.php\/wp-json\/wp\/v2\/posts\/5993\/revisions\/5995"}],"wp:featuredmedia":[{"embeddable":true,"href":"https:\/\/infozamoraec.com\/index.php\/wp-json\/wp\/v2\/media\/5994"}],"wp:attachment":[{"href":"https:\/\/infozamoraec.com\/index.php\/wp-json\/wp\/v2\/media?parent=5993"}],"wp:term":[{"taxonomy":"category","embeddable":true,"href":"https:\/\/infozamoraec.com\/index.php\/wp-json\/wp\/v2\/categories?post=5993"},{"taxonomy":"post_tag","embeddable":true,"href":"https:\/\/infozamoraec.com\/index.php\/wp-json\/wp\/v2\/tags?post=5993"}],"curies":[{"name":"wp","href":"https:\/\/api.w.org\/{rel}","templated":true}]}}