{"id":5984,"date":"2024-08-28T02:34:47","date_gmt":"2024-08-28T02:34:47","guid":{"rendered":"https:\/\/infozamoraec.com\/?p=5984"},"modified":"2024-08-28T02:34:47","modified_gmt":"2024-08-28T02:34:47","slug":"centro-democratico-analizara-opciones-ante-decision-de-serrano","status":"publish","type":"post","link":"https:\/\/infozamoraec.com\/index.php\/2024\/08\/28\/centro-democratico-analizara-opciones-ante-decision-de-serrano\/","title":{"rendered":"Centro Democr\u00e1tico analizar\u00e1 opciones ante decisi\u00f3n de Serrano"},"content":{"rendered":"<p>\u201cEstamos en este momento inscribiendo a los candidatos nacionales a la Asamblea y al Parlamento Andino por Centro Democr\u00e1tico. Y reci\u00e9n hoy (martes 27 de agosto de 2024), Jos\u00e9 Serrano nos notific\u00f3 sobre la declinaci\u00f3n de su candidatura\u201d, dijo Jimmy Jairala a EXPRESO.<\/p>\n<p>Adem\u00e1s, Jimmy Jairala adelant\u00f3 que, despu\u00e9s de este proceso ante el Consejo Nacional Electoral (CNE), tendr\u00e1n una reuni\u00f3n del Consejo Ejecutivo de Centro Democr\u00e1tico para tomar una decisi\u00f3n. En las pr\u00f3ximas horas anunciar\u00e1n novedades, aunque no se han cerrado a las alianzas.<\/p>\n<p>\u201cHemos denunciado al CNE y a la Presidencia del Ecuador sobre las amenazas recibidas, sin ninguna respuesta de las autoridades\u201d.<\/p>\n<p>Jairala respondi\u00f3 que est\u00e1 totalmente descartado que \u00e9l asuma la candidatura presidencial. \u00c9l terciar\u00e1 por una curul en la Asamblea Nacional.<\/p>\n<p>De forma sorpresiva, este martes 27 de agosto de 2024, Jos\u00e9 Serrano anunci\u00f3 de manera oficial que declina su candidatura a la Presidencia de la Rep\u00fablica para evitar poner en riesgo su vida y la de sus familiares.<\/p>\n<p>A trav\u00e9s de una carta dirigida a Eustorgio Tandazo, director de Centro Democr\u00e1tico, Serrano se\u00f1ala que ha tomado la dif\u00edcil pero necesaria decisi\u00f3n de declinar su candidatura presidencial, luego de una profunda reflexi\u00f3n y evaluaci\u00f3n de las circunstancias actuales, que pondr\u00edan en peligro a sus seres queridos y a \u00e9l mismo.<\/p>\n<p>\u201cHe llegado a la conclusi\u00f3n de que no es posible seguir adelante sin poner en grave riesgo mi vida y la de mis seres queridos. Las condiciones de seguridad en nuestro pa\u00eds no permiten una campa\u00f1a pol\u00edtica normal. He recibido amenazas directas y claras, y he sido advertido de que, si regreso a Ecuador, se activar\u00e1n \u2018falsos positivos\u2019 para detenerme bajo pretextos fabricados\u201d.<\/p>\n<p>En la anterior campa\u00f1a presidencial, Fernando Villavicencio, uno de los candidatos, fue asesinado. Todav\u00eda no se han identificado a los autores intelectuales del crimen. Su hija, Amanda Villavicencio, ha denunciado que no les han permitido conocer detalles de la investigaci\u00f3n, a la que han puesto un doble candado, inclusive.<\/p>\n<p>\u201cEl gobierno actual y sus instituciones han mostrado una complicidad alarmante con el crimen organizado, y no puedo exponerme a esta situaci\u00f3n\u201d, dijo Serrano.<\/p>\n<p>Consultada al respecto, la polit\u00f3loga Selene L\u00f3pez coment\u00f3: \u201cTengo dos hip\u00f3tesis: o el crimen organizado o procesos de judicializaci\u00f3n de la pol\u00edtica que obligan a que tome esa decisi\u00f3n. En Ecuador no hay garant\u00edas para que exista un proceso electoral limpio y competitivo, y esto es un ejemplo\u201d.<\/p>\n<p>Santiago Cahuasqui, polit\u00f3logo, dijo que la declinaci\u00f3n de la candidatura del exministro del Interior de la Revoluci\u00f3n Ciudadana los beneficia a ellos, ya que era un perfil alto para ese movimiento. Otra figura que no deja de ser inc\u00f3moda para el corre\u00edsmo es la de Carlos Rabascall, de la Izquierda Democr\u00e1tica, quien fue binomio de Andr\u00e9s Arauz en 2021.<\/p>\n<p>\u201cEsta declinaci\u00f3n evita un posible movimiento de la base electoral del corre\u00edsmo hacia candidaturas identificadas con la RC por su trayectoria previa junto a Rafael Correa, directamente\u201d.<\/p>\n","protected":false},"excerpt":{"rendered":"<p>\u201cEstamos en este momento inscribiendo a los candidatos nacionales a la Asamblea y al Parlamento Andino por Centro Democr\u00e1tico. Y reci\u00e9n hoy (martes 27 de agosto de 2024), Jos\u00e9 Serrano nos notific\u00f3 sobre la declinaci\u00f3n de su candidatura\u201d, dijo Jimmy Jairala a EXPRESO. Adem\u00e1s, Jimmy Jairala adelant\u00f3 que, despu\u00e9s de este proceso ante el Consejo [&hellip;]<\/p>\n","protected":false},"author":1,"featured_media":5985,"comment_status":"open","ping_status":"open","sticky":false,"template":"","format":"standard","meta":{"footnotes":""},"categories":[12],"tags":[],"_links":{"self":[{"href":"https:\/\/infozamoraec.com\/index.php\/wp-json\/wp\/v2\/posts\/5984"}],"collection":[{"href":"https:\/\/infozamoraec.com\/index.php\/wp-json\/wp\/v2\/posts"}],"about":[{"href":"https:\/\/infozamoraec.com\/index.php\/wp-json\/wp\/v2\/types\/post"}],"author":[{"embeddable":true,"href":"https:\/\/infozamoraec.com\/index.php\/wp-json\/wp\/v2\/users\/1"}],"replies":[{"embeddable":true,"href":"https:\/\/infozamoraec.com\/index.php\/wp-json\/wp\/v2\/comments?post=5984"}],"version-history":[{"count":1,"href":"https:\/\/infozamoraec.com\/index.php\/wp-json\/wp\/v2\/posts\/5984\/revisions"}],"predecessor-version":[{"id":5986,"href":"https:\/\/infozamoraec.com\/index.php\/wp-json\/wp\/v2\/posts\/5984\/revisions\/5986"}],"wp:featuredmedia":[{"embeddable":true,"href":"https:\/\/infozamoraec.com\/index.php\/wp-json\/wp\/v2\/media\/5985"}],"wp:attachment":[{"href":"https:\/\/infozamoraec.com\/index.php\/wp-json\/wp\/v2\/media?parent=5984"}],"wp:term":[{"taxonomy":"category","embeddable":true,"href":"https:\/\/infozamoraec.com\/index.php\/wp-json\/wp\/v2\/categories?post=5984"},{"taxonomy":"post_tag","embeddable":true,"href":"https:\/\/infozamoraec.com\/index.php\/wp-json\/wp\/v2\/tags?post=5984"}],"curies":[{"name":"wp","href":"https:\/\/api.w.org\/{rel}","templated":true}]}}