{"id":5981,"date":"2024-08-28T02:33:01","date_gmt":"2024-08-28T02:33:01","guid":{"rendered":"https:\/\/infozamoraec.com\/?p=5981"},"modified":"2024-08-28T02:33:01","modified_gmt":"2024-08-28T02:33:01","slug":"kronfle-dice-que-bloques-dieron-luz-verde-a-la-voceria-del-secretario-de-la-asamblea","status":"publish","type":"post","link":"https:\/\/infozamoraec.com\/index.php\/2024\/08\/28\/kronfle-dice-que-bloques-dieron-luz-verde-a-la-voceria-del-secretario-de-la-asamblea\/","title":{"rendered":"Kronfle dice que bloques dieron luz verde a la vocer\u00eda del secretario de la Asamblea"},"content":{"rendered":"<p>El precandidato presidencial y presidente de la Asamblea Nacional, Henry Kronfle, sali\u00f3 este 27 de agosto de 2024 en defensa del secretario general del Legislativo, Alejandro Mu\u00f1oz, quien encara una denuncia por el supuesto delito de usurpaci\u00f3n de funciones.<\/p>\n<p>El 23 de agosto de 2024, el exasamble\u00edsta corre\u00edsta y ahora adherente del oficialismo, Xavier Jurado, denunci\u00f3 a Mu\u00f1oz por el supuesto delito de usurpaci\u00f3n de funciones y uso de documento falso, luego de que el secretario general salga a rechazar la orden judicial de retomar juicios pol\u00edticos archivados.<\/p>\n<p>Sobre la vocer\u00eda que ejerci\u00f3 Mu\u00f1oz, el presidente de la Asamblea Nacional indic\u00f3 en entrevista con Sonorama que la misma fue validada por las diferentes bancadas legislativas, quienes al conocer el fallo judicial expresaron su rechazo a la intromisi\u00f3n de funciones al Legislativo.<\/p>\n<p>\u00abLas bancadas que hacen la gran mayor\u00eda nos llamaron y dijeron que no se pod\u00eda permitir la intromisi\u00f3n en funciones (&#8230;). Basados en las posiciones de las bancadas, le dimos la autorizaci\u00f3n al secretario para que haga la vocer\u00eda hasta que la Asamblea resuelva de manera jur\u00eddica cuando convoque al Pleno y habiendo recibido ya la sentencia f\u00edsica (&#8230;)\u00bb, dijo Kronfle.<\/p>\n<p>Adem\u00e1s, Kronfle se sum\u00f3 a las voces de rechazo catalogando como una intromisi\u00f3n de funciones a la decisi\u00f3n judicial de retomar juicios pol\u00edticos archivados en la Asamblea Nacional. Incluso record\u00f3 que existe un precedente de la Corte Constitucional que hace que la sentencia sea improcedente.<\/p>\n<p>Un juez de Quitumbe acogi\u00f3 este 22 de agosto de 2024 la acci\u00f3n de protecci\u00f3n que la asamble\u00edsta oficialista In\u00e9s Alarc\u00f3n present\u00f3 en contra de la Comisi\u00f3n de Fiscalizaci\u00f3n de la Asamblea Nacional para que se retomen los juicios pol\u00edticos contra exfuncionarios de Guillermo Lasso.<\/p>\n<p>Aunque Alarc\u00f3n ya hab\u00eda presentado un recurso antes, del cual desisti\u00f3, el 8 de agosto de 2024 la legisladora de ADN insisti\u00f3 con otra acci\u00f3n de protecci\u00f3n para anular el archivo de los procesos en contra de los exsecretarios Sebasti\u00e1n Corral y Andrea Montalvo, y el exministro Pablo Arosemena.<\/p>\n<p>Los procesos fueron archivados por la mesa de Fiscalizaci\u00f3n, presidida por la asamble\u00edsta corre\u00edsta Pamela Aguirre, por la falta de firmas de apoyo. Mismas que fueron retiradas horas antes de que la comisi\u00f3n avocara conocimiento de los juicios pol\u00edticos.<\/p>\n<p>Esto \u00faltimo fue el argumento principal del juez de Quitumbe, quien sostuvo que, pese que se trata de un acto pol\u00edtico, se vulner\u00f3 los derechos de los proponentes de los juicios pol\u00edticos al no haber sido notificados del retiro de las firmas de apoyo.<\/p>\n","protected":false},"excerpt":{"rendered":"<p>El precandidato presidencial y presidente de la Asamblea Nacional, Henry Kronfle, sali\u00f3 este 27 de agosto de 2024 en defensa del secretario general del Legislativo, Alejandro Mu\u00f1oz, quien encara una denuncia por el supuesto delito de usurpaci\u00f3n de funciones. El 23 de agosto de 2024, el exasamble\u00edsta corre\u00edsta y ahora adherente del oficialismo, Xavier Jurado, [&hellip;]<\/p>\n","protected":false},"author":1,"featured_media":5982,"comment_status":"open","ping_status":"open","sticky":false,"template":"","format":"standard","meta":{"footnotes":""},"categories":[12],"tags":[],"_links":{"self":[{"href":"https:\/\/infozamoraec.com\/index.php\/wp-json\/wp\/v2\/posts\/5981"}],"collection":[{"href":"https:\/\/infozamoraec.com\/index.php\/wp-json\/wp\/v2\/posts"}],"about":[{"href":"https:\/\/infozamoraec.com\/index.php\/wp-json\/wp\/v2\/types\/post"}],"author":[{"embeddable":true,"href":"https:\/\/infozamoraec.com\/index.php\/wp-json\/wp\/v2\/users\/1"}],"replies":[{"embeddable":true,"href":"https:\/\/infozamoraec.com\/index.php\/wp-json\/wp\/v2\/comments?post=5981"}],"version-history":[{"count":1,"href":"https:\/\/infozamoraec.com\/index.php\/wp-json\/wp\/v2\/posts\/5981\/revisions"}],"predecessor-version":[{"id":5983,"href":"https:\/\/infozamoraec.com\/index.php\/wp-json\/wp\/v2\/posts\/5981\/revisions\/5983"}],"wp:featuredmedia":[{"embeddable":true,"href":"https:\/\/infozamoraec.com\/index.php\/wp-json\/wp\/v2\/media\/5982"}],"wp:attachment":[{"href":"https:\/\/infozamoraec.com\/index.php\/wp-json\/wp\/v2\/media?parent=5981"}],"wp:term":[{"taxonomy":"category","embeddable":true,"href":"https:\/\/infozamoraec.com\/index.php\/wp-json\/wp\/v2\/categories?post=5981"},{"taxonomy":"post_tag","embeddable":true,"href":"https:\/\/infozamoraec.com\/index.php\/wp-json\/wp\/v2\/tags?post=5981"}],"curies":[{"name":"wp","href":"https:\/\/api.w.org\/{rel}","templated":true}]}}