{"id":5978,"date":"2024-08-28T02:30:25","date_gmt":"2024-08-28T02:30:25","guid":{"rendered":"https:\/\/infozamoraec.com\/?p=5978"},"modified":"2024-08-28T02:30:25","modified_gmt":"2024-08-28T02:30:25","slug":"cucalon-y-larrea-inscriben-sus-candidaturas-por-construye","status":"publish","type":"post","link":"https:\/\/infozamoraec.com\/index.php\/2024\/08\/28\/cucalon-y-larrea-inscriben-sus-candidaturas-por-construye\/","title":{"rendered":"Cucal\u00f3n y Larrea inscriben sus candidaturas por Construye"},"content":{"rendered":"<p>El exasamble\u00edsa socialcristiano, y exministro de Gobierno del gobierno de Guillermo Lasso,\u00a0<strong><a title=\"Henry Cucal\u00f3n\" href=\"https:\/\/www.larepublica.ec\/blog\/2024\/06\/26\/cucalon-seria-candidato-presidencial-de-una-gran-alianza-de-centro-encabezada-por-construye\/\" target=\"_blank\" rel=\"noopener\">Henry Cucal\u00f3n<\/a>\u00a0<\/strong>y la presentadora de televisi\u00f3n\u00a0<strong>Carla Larrea\u00a0<\/strong>han oficializado ante el Consejo Nacional Electoral (CNE) su inscripci\u00f3n como binomio presidencial por el movimiento\u00a0<strong><a title=\"Construye\" href=\"https:\/\/x.com\/Construye_Ecu\" target=\"_blank\" rel=\"noopener\">Construye<\/a><\/strong>, para las elecciones generales a desarrollarse en febrero de 2025.<\/p>\n<p>En un mensaje dirigido a los ciudadanos y autoridades electorales, ese martes 27 de agosto, el binomio de Construye, reafirm\u00f3 su compromiso de ofrecer una alternativa seria y honesta para el Ecuador.\u00a0<strong>\u00abLa improvisaci\u00f3n, la indecisi\u00f3n, as\u00ed como qui\u00e9nes pregonan la corrupci\u00f3n y la impunidad no puede ser la soluci\u00f3n\u00bb.<\/strong><\/p>\n<p>En su declaraci\u00f3n, Cucal\u00f3n destac\u00f3 que el pa\u00eds atraviesa una etapa cr\u00edtica que podr\u00eda llevar a un \u00abexterminio\u00bb del Ecuador tal como se conoci\u00f3, y subray\u00f3 la necesidad de profesionales capacitados y comprometidos con el bienestar nacional.<\/p>\n<h2 class=\"wp-block-heading\">Construye<\/h2>\n<p>E<strong>n 2019, Cucal\u00f3n particip\u00f3 en las primarias para la candidatura presidencial por el Partido Social Cristiano.<\/strong>\u00a0Cristina Reyes fue la elegida, pero finalmente el PSC resolvi\u00f3 una alianza con CREO para apoyar la candidatura presidencial de Guillermo Lasso.<\/p>\n<p><strong><a href=\"https:\/\/www.larepublica.ec\/blog\/2023\/02\/09\/henry-cucalon-sera-nombrado-ministro-de-gobierno-de-lasso\/\" target=\"_blank\" rel=\"noreferrer noopener\">Cucal\u00f3n<\/a><\/strong>\u00a0lleg\u00f3 a un acuerdo con el movimiento\u00a0<strong><a href=\"https:\/\/x.com\/Construye_Ecu\" target=\"_blank\" rel=\"noreferrer noopener\">Construye<\/a><\/strong>\u00a0en junio, dentro de lo que describ\u00eda como\u00a0<strong>\u00abuna gran plataforma de centro\u00bb que incluir\u00eda a los movimientos SUMA y AVANZA<\/strong>. Finalmente SUMA ha candidatizado a Jan Topic. Y AVANZA, por un se\u00f1or llamado Luis Felipe Tiller\u00eda.<\/p>\n<p>Seg\u00fan la informaci\u00f3n disponible, Cucal\u00f3n empez\u00f3 conversaciones con la directiva de Construye, encabezada por la exministra de Gobierno,\u00a0<strong>Mar\u00eda Paula Romo<\/strong>, por lo menos desde febrero.<\/p>\n<p>CREO se ha decidido por postular al exgoberanador Francesco Tabacchi, que sirvi\u00f3 durante el gobierno de Lasso.<\/p>\n<p>En junio, Cucal\u00f3n y Romo, han publicado en Insragram dos fotos de ellos juntos, una frente a una pizarra en las que se leen las palabras \u00abseguridad\u00bb, \u00abempleo\u00bb y \u00abequipo\u00bb.\u00a0<strong>\u00abQu\u00e9 grato es so\u00f1ar en un Ecuador seguro y con una econom\u00eda que funcione para todos\u00bb<\/strong>, ha escrito Romo.<\/p>\n","protected":false},"excerpt":{"rendered":"<p>El exasamble\u00edsa socialcristiano, y exministro de Gobierno del gobierno de Guillermo Lasso,\u00a0Henry Cucal\u00f3n\u00a0y la presentadora de televisi\u00f3n\u00a0Carla Larrea\u00a0han oficializado ante el Consejo Nacional Electoral (CNE) su inscripci\u00f3n como binomio presidencial por el movimiento\u00a0Construye, para las elecciones generales a desarrollarse en febrero de 2025. En un mensaje dirigido a los ciudadanos y autoridades electorales, ese martes [&hellip;]<\/p>\n","protected":false},"author":1,"featured_media":5979,"comment_status":"open","ping_status":"open","sticky":false,"template":"","format":"standard","meta":{"footnotes":""},"categories":[12],"tags":[],"_links":{"self":[{"href":"https:\/\/infozamoraec.com\/index.php\/wp-json\/wp\/v2\/posts\/5978"}],"collection":[{"href":"https:\/\/infozamoraec.com\/index.php\/wp-json\/wp\/v2\/posts"}],"about":[{"href":"https:\/\/infozamoraec.com\/index.php\/wp-json\/wp\/v2\/types\/post"}],"author":[{"embeddable":true,"href":"https:\/\/infozamoraec.com\/index.php\/wp-json\/wp\/v2\/users\/1"}],"replies":[{"embeddable":true,"href":"https:\/\/infozamoraec.com\/index.php\/wp-json\/wp\/v2\/comments?post=5978"}],"version-history":[{"count":1,"href":"https:\/\/infozamoraec.com\/index.php\/wp-json\/wp\/v2\/posts\/5978\/revisions"}],"predecessor-version":[{"id":5980,"href":"https:\/\/infozamoraec.com\/index.php\/wp-json\/wp\/v2\/posts\/5978\/revisions\/5980"}],"wp:featuredmedia":[{"embeddable":true,"href":"https:\/\/infozamoraec.com\/index.php\/wp-json\/wp\/v2\/media\/5979"}],"wp:attachment":[{"href":"https:\/\/infozamoraec.com\/index.php\/wp-json\/wp\/v2\/media?parent=5978"}],"wp:term":[{"taxonomy":"category","embeddable":true,"href":"https:\/\/infozamoraec.com\/index.php\/wp-json\/wp\/v2\/categories?post=5978"},{"taxonomy":"post_tag","embeddable":true,"href":"https:\/\/infozamoraec.com\/index.php\/wp-json\/wp\/v2\/tags?post=5978"}],"curies":[{"name":"wp","href":"https:\/\/api.w.org\/{rel}","templated":true}]}}