{"id":5975,"date":"2024-08-28T02:28:13","date_gmt":"2024-08-28T02:28:13","guid":{"rendered":"https:\/\/infozamoraec.com\/?p=5975"},"modified":"2024-08-28T02:28:13","modified_gmt":"2024-08-28T02:28:13","slug":"noboa-a-manabi-solo-le-dieron-migajas-yo-voy-a-darle-el-pan","status":"publish","type":"post","link":"https:\/\/infozamoraec.com\/index.php\/2024\/08\/28\/noboa-a-manabi-solo-le-dieron-migajas-yo-voy-a-darle-el-pan\/","title":{"rendered":"Noboa: \u00abA Manab\u00ed solo le dieron migajas, yo voy a darle el pan\u00bb"},"content":{"rendered":"<p>El presidente\u00a0<strong>Daniel Noboa<\/strong>\u00a0ha dicho durante un evento realizado en el coliseo Freddy Arteaga Almeida, en Chone, que ha ido quince veces a\u00a0<strong><a title=\"Manab\u00ed\" href=\"https:\/\/www.larepublica.ec\/blog\/2024\/06\/05\/manabi-se-militariza-uniformados-llegan-hasta-con-tanques-de-guerra\/\" target=\"_blank\" rel=\"noopener\">Manab\u00ed<\/a><\/strong>\u00a0y que ha tra\u00eddo la comandancia de la Polic\u00eda y de las Fuerzas Armadas a Manta para combatir la delincuencia.<\/p>\n<p><strong>\u201cA Manab\u00ed nunca se le dio nada, solo se le dio migajas y ahora ellos quieren volver al poder; nosotros vamos a dar el pan completo\u201d<\/strong>, expres\u00f3.<\/p>\n<p>Noboa estuvo acompa\u00f1ado por el prefecto de Manab\u00ed,\u00a0<strong>Leonardo Orlando<\/strong>; el alcalde de Chone,<strong>\u00a0Leonardo Rodr\u00edguez<\/strong>; y la ministra del Ambiente,\u00a0<strong>Sade Fritschi<\/strong>. All\u00ed asegur\u00f3 que en los nueve meses que lleva en el poder ha viajado 15 veces a Manab\u00ed.<\/p>\n<p>Adem\u00e1s entreg\u00f3 448.000 pastillas de cloro que servir\u00e1n para desinfectar el agua en juntas de agua y sitios de almacenamiento de los cantones Chone, Jama, San Vicente, Flavio Alfaro, El Carmen, Sucre y Bol\u00edvar. Los alcaldes de estas ciudades estuvieron en el acto.<\/p>\n<p><strong>\u201cNo descansaremos hasta ver a Manab\u00ed segura, productiva y en paz para que los agricultores puedan salir adelante. A los delincuentes los vamos a perseguir y a sacar de las madrigueras. Manab\u00ed nunca m\u00e1s ser\u00e1 olvidada\u201d<\/strong>, agreg\u00f3.<\/p>\n<p>Para los trabajos de desazolve de los tres r\u00edos de Chone, el Gobierno asign\u00f3 inicialmente $ 4,3 millones. La obra est\u00e1 siendo ejecutada por la Prefectura de la provincia y est\u00e1 previsto que sea entregada en el primer trimestre del pr\u00f3ximo a\u00f1o.<\/p>\n<p>Comprenden limpieza, desazolve y reconformaci\u00f3n de los taludes de los r\u00edos Chone, Garrapata y Mosquito. El proyecto total cuesta $ 11,3 millones, inversi\u00f3n que el Gobierno se comprometi\u00f3 a financiar. Con esto se busca disminuir el desborde de los afluentes durante el invierno.<\/p>\n","protected":false},"excerpt":{"rendered":"<p>El presidente\u00a0Daniel Noboa\u00a0ha dicho durante un evento realizado en el coliseo Freddy Arteaga Almeida, en Chone, que ha ido quince veces a\u00a0Manab\u00ed\u00a0y que ha tra\u00eddo la comandancia de la Polic\u00eda y de las Fuerzas Armadas a Manta para combatir la delincuencia. \u201cA Manab\u00ed nunca se le dio nada, solo se le dio migajas y ahora [&hellip;]<\/p>\n","protected":false},"author":1,"featured_media":5976,"comment_status":"open","ping_status":"open","sticky":false,"template":"","format":"standard","meta":{"footnotes":""},"categories":[12],"tags":[],"_links":{"self":[{"href":"https:\/\/infozamoraec.com\/index.php\/wp-json\/wp\/v2\/posts\/5975"}],"collection":[{"href":"https:\/\/infozamoraec.com\/index.php\/wp-json\/wp\/v2\/posts"}],"about":[{"href":"https:\/\/infozamoraec.com\/index.php\/wp-json\/wp\/v2\/types\/post"}],"author":[{"embeddable":true,"href":"https:\/\/infozamoraec.com\/index.php\/wp-json\/wp\/v2\/users\/1"}],"replies":[{"embeddable":true,"href":"https:\/\/infozamoraec.com\/index.php\/wp-json\/wp\/v2\/comments?post=5975"}],"version-history":[{"count":1,"href":"https:\/\/infozamoraec.com\/index.php\/wp-json\/wp\/v2\/posts\/5975\/revisions"}],"predecessor-version":[{"id":5977,"href":"https:\/\/infozamoraec.com\/index.php\/wp-json\/wp\/v2\/posts\/5975\/revisions\/5977"}],"wp:featuredmedia":[{"embeddable":true,"href":"https:\/\/infozamoraec.com\/index.php\/wp-json\/wp\/v2\/media\/5976"}],"wp:attachment":[{"href":"https:\/\/infozamoraec.com\/index.php\/wp-json\/wp\/v2\/media?parent=5975"}],"wp:term":[{"taxonomy":"category","embeddable":true,"href":"https:\/\/infozamoraec.com\/index.php\/wp-json\/wp\/v2\/categories?post=5975"},{"taxonomy":"post_tag","embeddable":true,"href":"https:\/\/infozamoraec.com\/index.php\/wp-json\/wp\/v2\/tags?post=5975"}],"curies":[{"name":"wp","href":"https:\/\/api.w.org\/{rel}","templated":true}]}}