{"id":5971,"date":"2024-08-28T02:17:12","date_gmt":"2024-08-28T02:17:12","guid":{"rendered":"https:\/\/infozamoraec.com\/?p=5971"},"modified":"2024-08-28T02:26:22","modified_gmt":"2024-08-28T02:26:22","slug":"en-loja-se-presento-la-feria-bracamoros-coffee","status":"publish","type":"post","link":"https:\/\/infozamoraec.com\/index.php\/2024\/08\/28\/en-loja-se-presento-la-feria-bracamoros-coffee\/","title":{"rendered":"En Loja se present\u00f3 la feria \u00abBracamoros Coffee\u00bb"},"content":{"rendered":"<p>En la Gobernaci\u00f3n de la provincia de Loja, la ma\u00f1ana de este martes 27 de agosto de 2024, se realiz\u00f3 el lanzamiento de la Feria Bracamoros Coffee, que se desarrollar\u00e1 en Palanda el s\u00e1bado 14 de septiembre.<\/p>\n<p>Varios medios de comunicaci\u00f3n de la provincia de Loja cubrieron este evento donde estuvo presente Margarita Salinas, vicealcaldesa de Palanda, junto a representantes de Apecap y el viceprefecto de Zamora Chinchipe, V\u00edctor Sarango.<\/p>\n<p>Durante el lanzamiento, las autoridades invitaron a la ciudadan\u00eda a visitar la ciudad de Palanda el pr\u00f3ximo s\u00e1bado 14 de septiembre de 2024, para disfrutar de la feria, sus actividades y atractivos tur\u00edsticos.<\/p>\n<p>&nbsp;<\/p>\n","protected":false},"excerpt":{"rendered":"<p>En la Gobernaci\u00f3n de la provincia de Loja, la ma\u00f1ana de este martes 27 de agosto de 2024, se realiz\u00f3 el lanzamiento de la Feria Bracamoros Coffee, que se desarrollar\u00e1 en Palanda el s\u00e1bado 14 de septiembre. Varios medios de comunicaci\u00f3n de la provincia de Loja cubrieron este evento donde estuvo presente Margarita Salinas, vicealcaldesa [&hellip;]<\/p>\n","protected":false},"author":1,"featured_media":5972,"comment_status":"open","ping_status":"open","sticky":false,"template":"","format":"standard","meta":{"footnotes":""},"categories":[9],"tags":[],"_links":{"self":[{"href":"https:\/\/infozamoraec.com\/index.php\/wp-json\/wp\/v2\/posts\/5971"}],"collection":[{"href":"https:\/\/infozamoraec.com\/index.php\/wp-json\/wp\/v2\/posts"}],"about":[{"href":"https:\/\/infozamoraec.com\/index.php\/wp-json\/wp\/v2\/types\/post"}],"author":[{"embeddable":true,"href":"https:\/\/infozamoraec.com\/index.php\/wp-json\/wp\/v2\/users\/1"}],"replies":[{"embeddable":true,"href":"https:\/\/infozamoraec.com\/index.php\/wp-json\/wp\/v2\/comments?post=5971"}],"version-history":[{"count":2,"href":"https:\/\/infozamoraec.com\/index.php\/wp-json\/wp\/v2\/posts\/5971\/revisions"}],"predecessor-version":[{"id":5974,"href":"https:\/\/infozamoraec.com\/index.php\/wp-json\/wp\/v2\/posts\/5971\/revisions\/5974"}],"wp:featuredmedia":[{"embeddable":true,"href":"https:\/\/infozamoraec.com\/index.php\/wp-json\/wp\/v2\/media\/5972"}],"wp:attachment":[{"href":"https:\/\/infozamoraec.com\/index.php\/wp-json\/wp\/v2\/media?parent=5971"}],"wp:term":[{"taxonomy":"category","embeddable":true,"href":"https:\/\/infozamoraec.com\/index.php\/wp-json\/wp\/v2\/categories?post=5971"},{"taxonomy":"post_tag","embeddable":true,"href":"https:\/\/infozamoraec.com\/index.php\/wp-json\/wp\/v2\/tags?post=5971"}],"curies":[{"name":"wp","href":"https:\/\/api.w.org\/{rel}","templated":true}]}}