{"id":5961,"date":"2024-08-27T15:53:59","date_gmt":"2024-08-27T15:53:59","guid":{"rendered":"https:\/\/infozamoraec.com\/?p=5961"},"modified":"2024-08-27T15:53:59","modified_gmt":"2024-08-27T15:53:59","slug":"gad-municipal-de-zamora-lanza-tercera-campana-de-esterilizacion-y-desparasitacion-canina-y-felina-en-el-canton-zamora","status":"publish","type":"post","link":"https:\/\/infozamoraec.com\/index.php\/2024\/08\/27\/gad-municipal-de-zamora-lanza-tercera-campana-de-esterilizacion-y-desparasitacion-canina-y-felina-en-el-canton-zamora\/","title":{"rendered":"GAD Municipal de Zamora lanza Tercera Campa\u00f1a de Esterilizaci\u00f3n y Desparasitaci\u00f3n Canina y Felina en el cant\u00f3n Zamora"},"content":{"rendered":"<p><span lang=\"ES-EC\">Este lunes 26 de agosto de 2024, el GAD Municipal de Zamora, a trav\u00e9s de su Departamento de Gesti\u00f3n Ambiental, organiz\u00f3 una rueda de prensa para anunciar el lanzamiento de la campa\u00f1a \u00abEsterilizaci\u00f3n y Desparasitaci\u00f3n Canina y Felina Zamora 2024\u00bb.<\/span><\/p>\n<p><span lang=\"ES-EC\">En el evento participaron Manuel Gonz\u00e1lez, alcalde del cant\u00f3n Zamora; los concejales Franz Regalado y Wilmer Espinoza; Edgar Balladarez, director de Gesti\u00f3n Ambiental; y Jhon Quezada, m\u00e9dico veterinario. Todos ellos hicieron un llamado a la ciudadan\u00eda para proteger la salud y el bienestar de las mascotas, contribuyendo as\u00ed a la reducci\u00f3n de la poblaci\u00f3n de animales en situaci\u00f3n de calle.<\/span><\/p>\n<p><span lang=\"ES-EC\">El GAD Municipal de Zamora, para esta campa\u00f1a, ha destinado una inversi\u00f3n de $28,400 d\u00f3lares para atender a 750 animales, entre perros y gatos, en el cant\u00f3n. La campa\u00f1a tambi\u00e9n se ha planificado desarrollarla en cada parroquia, con un promedio de 100 animales esterilizados y desparasitados.<\/span><\/p>\n<p><span lang=\"ES-EC\">Franz Regalado destac\u00f3 que, bas\u00e1ndose en los datos estad\u00edsticos recopilados por el equipo veterinario del cant\u00f3n, se llevar\u00e1 a cabo esta campa\u00f1a con el objetivo de controlar la sobrepoblaci\u00f3n de animales tanto en \u00e1reas urbanas como rurales.<\/span><\/p>\n<p><span lang=\"ES-EC\">Edgar Balladarez inform\u00f3 que se ha coordinado con los distintos Gobiernos Parroquiales y con la farmacia Animal Planet de la localidad para realizar las intervenciones m\u00e9dicas necesarias. \u00abCon este proceso, evitaremos que los perros deambulen y realicen sus necesidades en las calles\u00bb, subray\u00f3 Balladarez.<\/span><\/p>\n<p><span lang=\"ES-EC\">Por su parte, Jhon Quezada expres\u00f3 su agradecimiento a la municipalidad por llevar adelante este proyecto de salud p\u00fablica. Adem\u00e1s, indic\u00f3 que los propietarios de mascotas deben presentar una copia de la c\u00e9dula y llevar a sus animales en ayunas para las intervenciones. \u00abRealizaremos los procedimientos con todo el cuidado y profesionalismo necesarios, en conjunto con los t\u00e9cnicos del municipio y de la cl\u00ednica veterinaria, para asegurar una recuperaci\u00f3n favorable\u00bb, se\u00f1al\u00f3 Quezada.<\/span><\/p>\n<p><span lang=\"ES-EC\">Manuel Gonz\u00e1lez, alcalde del cant\u00f3n Zamora, afirm\u00f3 que este es un proyecto fundamental para atender las necesidades de los animales en el sector urbano y rural. \u00abLa municipalidad est\u00e1 comprometida con la protecci\u00f3n de la salud p\u00fablica, por lo que en los pr\u00f3ximos d\u00edas se llevar\u00e1 a cabo la tercera campa\u00f1a de esterilizaci\u00f3n y desparasitaci\u00f3n canina y felina\u00bb, concluy\u00f3 Gonz\u00e1lez.<\/span><\/p>\n<p><strong><span lang=\"ES-EC\">Nota importante:<\/span><\/strong><span lang=\"ES-EC\">\u00a0No olvides reservar tu cupo v\u00eda WhatsApp al 0991570475 o visitar la cl\u00ednica veterinaria Animal Planet.<\/span><\/p>\n","protected":false},"excerpt":{"rendered":"<p>Este lunes 26 de agosto de 2024, el GAD Municipal de Zamora, a trav\u00e9s de su Departamento de Gesti\u00f3n Ambiental, organiz\u00f3 una rueda de prensa para anunciar el lanzamiento de la campa\u00f1a \u00abEsterilizaci\u00f3n y Desparasitaci\u00f3n Canina y Felina Zamora 2024\u00bb. En el evento participaron Manuel Gonz\u00e1lez, alcalde del cant\u00f3n Zamora; los concejales Franz Regalado y [&hellip;]<\/p>\n","protected":false},"author":1,"featured_media":5962,"comment_status":"open","ping_status":"open","sticky":false,"template":"","format":"standard","meta":{"footnotes":""},"categories":[9],"tags":[],"_links":{"self":[{"href":"https:\/\/infozamoraec.com\/index.php\/wp-json\/wp\/v2\/posts\/5961"}],"collection":[{"href":"https:\/\/infozamoraec.com\/index.php\/wp-json\/wp\/v2\/posts"}],"about":[{"href":"https:\/\/infozamoraec.com\/index.php\/wp-json\/wp\/v2\/types\/post"}],"author":[{"embeddable":true,"href":"https:\/\/infozamoraec.com\/index.php\/wp-json\/wp\/v2\/users\/1"}],"replies":[{"embeddable":true,"href":"https:\/\/infozamoraec.com\/index.php\/wp-json\/wp\/v2\/comments?post=5961"}],"version-history":[{"count":1,"href":"https:\/\/infozamoraec.com\/index.php\/wp-json\/wp\/v2\/posts\/5961\/revisions"}],"predecessor-version":[{"id":5963,"href":"https:\/\/infozamoraec.com\/index.php\/wp-json\/wp\/v2\/posts\/5961\/revisions\/5963"}],"wp:featuredmedia":[{"embeddable":true,"href":"https:\/\/infozamoraec.com\/index.php\/wp-json\/wp\/v2\/media\/5962"}],"wp:attachment":[{"href":"https:\/\/infozamoraec.com\/index.php\/wp-json\/wp\/v2\/media?parent=5961"}],"wp:term":[{"taxonomy":"category","embeddable":true,"href":"https:\/\/infozamoraec.com\/index.php\/wp-json\/wp\/v2\/categories?post=5961"},{"taxonomy":"post_tag","embeddable":true,"href":"https:\/\/infozamoraec.com\/index.php\/wp-json\/wp\/v2\/tags?post=5961"}],"curies":[{"name":"wp","href":"https:\/\/api.w.org\/{rel}","templated":true}]}}