{"id":5949,"date":"2024-08-27T01:11:22","date_gmt":"2024-08-27T01:11:22","guid":{"rendered":"https:\/\/infozamoraec.com\/?p=5949"},"modified":"2024-08-27T01:11:22","modified_gmt":"2024-08-27T01:11:22","slug":"dos-turistas-cuencanas-que-llegaron-a-bajo-alto-heridas-al-recibir-disparos","status":"publish","type":"post","link":"https:\/\/infozamoraec.com\/index.php\/2024\/08\/27\/dos-turistas-cuencanas-que-llegaron-a-bajo-alto-heridas-al-recibir-disparos\/","title":{"rendered":"Dos turistas cuencanas, que llegaron a Bajo Alto, heridas al recibir disparos"},"content":{"rendered":"<p>M\u00f3nica C., de 37 a\u00f1os y su hija, Josselyn F., de 19, resultaron heridas luego que recibieron disparos por parte de un grupo de delincuentes que se transportaban en motocicletas.<\/p>\n<p>Un reporte detalla que una familia oriunda de Cuenca, la ma\u00f1ana de este domingo lleg\u00f3 a disfrutar de la playa de Bajo Alto, ubicada en la parroquia Tendales, en El Guabo.<\/p>\n<p>Cerca de las 18:00 decidieron retornar a su cant\u00f3n y abordaron un carro para iniciar el viaje, sin percatarse, que eran vigilados por antisociales que ten\u00edan el objetivo de robarles.<\/p>\n<p>En el trayecto, cuando circulaban por el ingreso a Bajo Alto, fueron interceptados por un grupos de antisociales armados que se transportaban en algunas motocicletas.<\/p>\n<p>Los delincuentes quer\u00edan obligar al conductor a detenerse y realizaron disparos en contra del veh\u00edculo y las dos mujeres, que son madre e hija, resultaron heridas.<\/p>\n<p>Una vez que se dieron a la fuga los sujetos, las dos f\u00e9minas fueron trasladadas hasta el hospital Mar\u00eda Lorena Serrano, donde recibieron atenci\u00f3n m\u00e9dica.<\/p>\n<p>\u201cSe verific\u00f3 a dos personas en el interior de un veh\u00edculo constatando que estaban heridas por disparos de arma de fuego, la motivaci\u00f3n ser\u00eda por una situaci\u00f3n de robo, las v\u00edctimas son oriundos de Cuenca que llegaron a El Oro para disfrutar de la playa de Bajo Alto\u201d, expres\u00f3 \u00c1lvaro Rocha, comandante de la Polic\u00eda Nacional de El Oro.<\/p>\n","protected":false},"excerpt":{"rendered":"<p>M\u00f3nica C., de 37 a\u00f1os y su hija, Josselyn F., de 19, resultaron heridas luego que recibieron disparos por parte de un grupo de delincuentes que se transportaban en motocicletas. Un reporte detalla que una familia oriunda de Cuenca, la ma\u00f1ana de este domingo lleg\u00f3 a disfrutar de la playa de Bajo Alto, ubicada en [&hellip;]<\/p>\n","protected":false},"author":1,"featured_media":5950,"comment_status":"open","ping_status":"open","sticky":false,"template":"","format":"standard","meta":{"footnotes":""},"categories":[12],"tags":[],"_links":{"self":[{"href":"https:\/\/infozamoraec.com\/index.php\/wp-json\/wp\/v2\/posts\/5949"}],"collection":[{"href":"https:\/\/infozamoraec.com\/index.php\/wp-json\/wp\/v2\/posts"}],"about":[{"href":"https:\/\/infozamoraec.com\/index.php\/wp-json\/wp\/v2\/types\/post"}],"author":[{"embeddable":true,"href":"https:\/\/infozamoraec.com\/index.php\/wp-json\/wp\/v2\/users\/1"}],"replies":[{"embeddable":true,"href":"https:\/\/infozamoraec.com\/index.php\/wp-json\/wp\/v2\/comments?post=5949"}],"version-history":[{"count":1,"href":"https:\/\/infozamoraec.com\/index.php\/wp-json\/wp\/v2\/posts\/5949\/revisions"}],"predecessor-version":[{"id":5951,"href":"https:\/\/infozamoraec.com\/index.php\/wp-json\/wp\/v2\/posts\/5949\/revisions\/5951"}],"wp:featuredmedia":[{"embeddable":true,"href":"https:\/\/infozamoraec.com\/index.php\/wp-json\/wp\/v2\/media\/5950"}],"wp:attachment":[{"href":"https:\/\/infozamoraec.com\/index.php\/wp-json\/wp\/v2\/media?parent=5949"}],"wp:term":[{"taxonomy":"category","embeddable":true,"href":"https:\/\/infozamoraec.com\/index.php\/wp-json\/wp\/v2\/categories?post=5949"},{"taxonomy":"post_tag","embeddable":true,"href":"https:\/\/infozamoraec.com\/index.php\/wp-json\/wp\/v2\/tags?post=5949"}],"curies":[{"name":"wp","href":"https:\/\/api.w.org\/{rel}","templated":true}]}}