{"id":5942,"date":"2024-08-27T01:04:57","date_gmt":"2024-08-27T01:04:57","guid":{"rendered":"https:\/\/infozamoraec.com\/?p=5942"},"modified":"2024-08-27T01:05:50","modified_gmt":"2024-08-27T01:05:50","slug":"topic-acepta-su-candidatura-por-suma-y-reconoce-que-se-sube-tarde-al-barco","status":"publish","type":"post","link":"https:\/\/infozamoraec.com\/index.php\/2024\/08\/27\/topic-acepta-su-candidatura-por-suma-y-reconoce-que-se-sube-tarde-al-barco\/","title":{"rendered":"Topic acepta su candidatura por SUMA y reconoce que \u00abse sube tarde al barco\u00bb"},"content":{"rendered":"<p>El excandidato presidencial por el PSC\u00a0<strong><a title=\"Jan Topic\" href=\"https:\/\/www.larepublica.ec\/blog\/2024\/08\/16\/jan-topic-considera-una-candidatura-presidencial-por-suma-segun-el-universo\/\" target=\"_blank\" rel=\"noopener\">Jan Topic<\/a><\/strong>\u00a0ha llegado al\u00a0<strong><a title=\"Consejo Nacional Electoral\" href=\"https:\/\/www.expreso.ec\/actualidad\/jan-topic-mishelle-calvache-firman-aceptacion-precandidatura-suma-211440.html\" target=\"_blank\" rel=\"noopener\">Consejo Nacional Electoral<\/a><\/strong>\u00a0(CNE), a bordo de una motocicleta, para aceptar la precandidatura a la Presidencia de la Rep\u00fablica, por el movimiento SUMA.<\/p>\n<div class=\"mh-content-ad\">\n<div id=\"beacon_8493ceaad0\"><img decoding=\"async\" src=\"https:\/\/servedby.revive-adserver.net\/lg.php?bannerid=0&amp;campaignid=0&amp;zoneid=2931&amp;loc=https%3A%2F%2Fwww.larepublica.ec%2Fblog%2F2024%2F08%2F26%2Ftopic-acepta-su-candidatura-por-suma-y-reconoce-que-se-sube-tarde-al-barco%2F&amp;referer=https%3A%2F%2Fwww.larepublica.ec%2F&amp;cb=8493ceaad0\" alt=\"\" width=\"0\" height=\"0\" \/>Lo recibieron la candidata a la vicepresidencia,\u00a0<strong>Mishelle Calvache<\/strong>, quien hasta el 20 de agosto fue vicepresidente del Concejo de Participaci\u00f3n Ciudadana y Control Social (CPCCS);\u00a0<strong>Pedro Freile<\/strong>, candidato a la Asamblea;\u00a0<strong>Guillermo Celi<\/strong>, director de la organizaci\u00f3n pol\u00edtica; y\u00a0<strong>Lucia Posso<\/strong>, actual asamble\u00edsta por el partido Avanza.<\/div>\n<p>Topic, quien inicialmente aspir\u00f3 la candidatura por el PSC, habl\u00f3 brevemente sobre la posibilidad de establecer alianzas electorales y de seguridad. <strong>\u00abYo s\u00ed me trepo al barco electoral tarde, lo reconozco\u00bb<\/strong>, dijo. \u00ab<strong>Logramos consensuar dos culturas: la de SUMA y Transforma y se lo logr\u00f3 hacer en dos d\u00edas. Eso muestra la apertura de\u00a0Guillermo Celi<\/strong>\u201d.<\/p>\n<\/div>\n<p><strong>\u00abEn los partidos de centroderecha hay ciertos consensos conceptuales, pero en la implementaci\u00f3n cada uno tiene su estrategia. Antes de hablar de alianzas hay que ver en qu\u00e9 empatamos con lo conceptual\u00bb<\/strong>, agreg\u00f3.<\/p>\n<p>Topic dijo que fue un error moral y econ\u00f3mico haber subido el IVA al 15 %, porque se puede ganar m\u00e1s con un impuesto del 12 % e incluso \u201creduci\u00e9ndolo en un par de puntos, con el dinamismo de la econom\u00eda que eso genera porque tienes m\u00e1s facturas sobre las cuales cobras\u201d.<\/p>\n","protected":false},"excerpt":{"rendered":"<p>El excandidato presidencial por el PSC\u00a0Jan Topic\u00a0ha llegado al\u00a0Consejo Nacional Electoral\u00a0(CNE), a bordo de una motocicleta, para aceptar la precandidatura a la Presidencia de la Rep\u00fablica, por el movimiento SUMA. Lo recibieron la candidata a la vicepresidencia,\u00a0Mishelle Calvache, quien hasta el 20 de agosto fue vicepresidente del Concejo de Participaci\u00f3n Ciudadana y Control Social (CPCCS);\u00a0Pedro [&hellip;]<\/p>\n","protected":false},"author":1,"featured_media":5943,"comment_status":"open","ping_status":"open","sticky":false,"template":"","format":"standard","meta":{"footnotes":""},"categories":[12],"tags":[],"_links":{"self":[{"href":"https:\/\/infozamoraec.com\/index.php\/wp-json\/wp\/v2\/posts\/5942"}],"collection":[{"href":"https:\/\/infozamoraec.com\/index.php\/wp-json\/wp\/v2\/posts"}],"about":[{"href":"https:\/\/infozamoraec.com\/index.php\/wp-json\/wp\/v2\/types\/post"}],"author":[{"embeddable":true,"href":"https:\/\/infozamoraec.com\/index.php\/wp-json\/wp\/v2\/users\/1"}],"replies":[{"embeddable":true,"href":"https:\/\/infozamoraec.com\/index.php\/wp-json\/wp\/v2\/comments?post=5942"}],"version-history":[{"count":2,"href":"https:\/\/infozamoraec.com\/index.php\/wp-json\/wp\/v2\/posts\/5942\/revisions"}],"predecessor-version":[{"id":5945,"href":"https:\/\/infozamoraec.com\/index.php\/wp-json\/wp\/v2\/posts\/5942\/revisions\/5945"}],"wp:featuredmedia":[{"embeddable":true,"href":"https:\/\/infozamoraec.com\/index.php\/wp-json\/wp\/v2\/media\/5943"}],"wp:attachment":[{"href":"https:\/\/infozamoraec.com\/index.php\/wp-json\/wp\/v2\/media?parent=5942"}],"wp:term":[{"taxonomy":"category","embeddable":true,"href":"https:\/\/infozamoraec.com\/index.php\/wp-json\/wp\/v2\/categories?post=5942"},{"taxonomy":"post_tag","embeddable":true,"href":"https:\/\/infozamoraec.com\/index.php\/wp-json\/wp\/v2\/tags?post=5942"}],"curies":[{"name":"wp","href":"https:\/\/api.w.org\/{rel}","templated":true}]}}