{"id":5919,"date":"2024-08-24T02:39:41","date_gmt":"2024-08-24T02:39:41","guid":{"rendered":"https:\/\/infozamoraec.com\/?p=5919"},"modified":"2024-08-24T02:39:41","modified_gmt":"2024-08-24T02:39:41","slug":"venezolanos-en-frontera-temen-una-ola-migratoria-ante-la-crisis-poselecciones","status":"publish","type":"post","link":"https:\/\/infozamoraec.com\/index.php\/2024\/08\/24\/venezolanos-en-frontera-temen-una-ola-migratoria-ante-la-crisis-poselecciones\/","title":{"rendered":"Venezolanos en frontera temen una ola migratoria ante la crisis poselecciones"},"content":{"rendered":"<p>CARACAS.- Directores de albergues y venezolanos varados en la frontera norte de M\u00e9xico, donde ya representan m\u00e1s de la cuarta parte de la migraci\u00f3n irregular, temen que se consolide la \u201cola migratoria nunca antes vista\u201d de la que alert\u00f3 la opositora Mar\u00eda Corina Machado ante la crisis poselectoral de Venezuela.<\/p>\n<p>El miedo se percibe en particular en Ciudad Ju\u00e1rez, epicentro de la crisis migratoria entre M\u00e9xico y Estados Unidos, donde los miles de migrantes que esperan su cita de \u2018CBP One\u2019 con autoridades estadounidenses, expresan a EFE su preocupaci\u00f3n de que se concrete la reelecci\u00f3n del presidente venezolano, Nicol\u00e1s Maduro.<\/p>\n<p>Es el caso de Viesmer Jim\u00e9nez, un venezolano en un refugio en el centro de la urbe fronteriza, donde afirma que ya espera una oleada de compatriotas que salgan huyendo de ese pa\u00eds tras los comicios del 28 de julio.<\/p>\n<p>\u201cLamentablemente, con las elecciones que tuvieron actualmente en Venezuela, es obvio que va a salir una tercer cuarta parte del pa\u00eds. Primero, por la econom\u00eda y la moneda que est\u00e1 devaluada en Venezuela, no hay futuro para nadie, para los j\u00f3venes ni estudio ni seguridad\u201d, expres\u00f3 Jim\u00e9nez.<\/p>\n","protected":false},"excerpt":{"rendered":"<p>CARACAS.- Directores de albergues y venezolanos varados en la frontera norte de M\u00e9xico, donde ya representan m\u00e1s de la cuarta parte de la migraci\u00f3n irregular, temen que se consolide la \u201cola migratoria nunca antes vista\u201d de la que alert\u00f3 la opositora Mar\u00eda Corina Machado ante la crisis poselectoral de Venezuela. El miedo se percibe en [&hellip;]<\/p>\n","protected":false},"author":1,"featured_media":5920,"comment_status":"open","ping_status":"open","sticky":false,"template":"","format":"standard","meta":{"footnotes":""},"categories":[8],"tags":[],"_links":{"self":[{"href":"https:\/\/infozamoraec.com\/index.php\/wp-json\/wp\/v2\/posts\/5919"}],"collection":[{"href":"https:\/\/infozamoraec.com\/index.php\/wp-json\/wp\/v2\/posts"}],"about":[{"href":"https:\/\/infozamoraec.com\/index.php\/wp-json\/wp\/v2\/types\/post"}],"author":[{"embeddable":true,"href":"https:\/\/infozamoraec.com\/index.php\/wp-json\/wp\/v2\/users\/1"}],"replies":[{"embeddable":true,"href":"https:\/\/infozamoraec.com\/index.php\/wp-json\/wp\/v2\/comments?post=5919"}],"version-history":[{"count":1,"href":"https:\/\/infozamoraec.com\/index.php\/wp-json\/wp\/v2\/posts\/5919\/revisions"}],"predecessor-version":[{"id":5921,"href":"https:\/\/infozamoraec.com\/index.php\/wp-json\/wp\/v2\/posts\/5919\/revisions\/5921"}],"wp:featuredmedia":[{"embeddable":true,"href":"https:\/\/infozamoraec.com\/index.php\/wp-json\/wp\/v2\/media\/5920"}],"wp:attachment":[{"href":"https:\/\/infozamoraec.com\/index.php\/wp-json\/wp\/v2\/media?parent=5919"}],"wp:term":[{"taxonomy":"category","embeddable":true,"href":"https:\/\/infozamoraec.com\/index.php\/wp-json\/wp\/v2\/categories?post=5919"},{"taxonomy":"post_tag","embeddable":true,"href":"https:\/\/infozamoraec.com\/index.php\/wp-json\/wp\/v2\/tags?post=5919"}],"curies":[{"name":"wp","href":"https:\/\/api.w.org\/{rel}","templated":true}]}}