{"id":5916,"date":"2024-08-24T02:37:26","date_gmt":"2024-08-24T02:37:26","guid":{"rendered":"https:\/\/infozamoraec.com\/?p=5916"},"modified":"2024-08-24T02:37:26","modified_gmt":"2024-08-24T02:37:26","slug":"milei-el-veto-va-a-ser-completo-al-aumento-de-pensiones","status":"publish","type":"post","link":"https:\/\/infozamoraec.com\/index.php\/2024\/08\/24\/milei-el-veto-va-a-ser-completo-al-aumento-de-pensiones\/","title":{"rendered":"Milei: \u00abEl veto va a ser completo\u00bb al aumento de pensiones"},"content":{"rendered":"<p>El presidente de\u00a0<a class=\"internal-link\" href=\"https:\/\/www.dw.com\/es\/argentina\/t-17411654\" target=\"_blank\" rel=\"noopener\">Argentina<\/a>,\u00a0<a class=\"internal-link\" href=\"https:\/\/www.dw.com\/es\/milei-javier\/t-67510223\" target=\"_blank\" rel=\"noopener\">Javier Milei<\/a>, anunci\u00f3 el viernes (23.08.2024) que vetar\u00e1 el aumento a las jubilaciones que aprob\u00f3 el 22 de agosto el Senado, tras una semana de reveses en el Congreso relacionados al presupuesto y al control de los servicios de inteligencia del Estado.<\/p>\n<p>\u00abEl veto va a ser completo, va a ser total\u00bb, asegur\u00f3 Milei en una entrevista con el canal\u00a0<em>La Naci\u00f3n+<\/em>\u00a0este viernes en la que acus\u00f3 a los senadores de \u00abdegenerados fiscales\u00bb, replicando un mensaje del subsecretario de Prensa de la Casa Rosada.<\/p>\n<p>\u00abEl aumento que deriva de esta ley implica un aumento del costo en t\u00e9rminos del\u00a0<a class=\"internal-link\" href=\"https:\/\/www.dw.com\/es\/pib\/t-41432368\" target=\"_blank\" rel=\"noopener\">PBI<\/a>\u00a0(Producto Bruto Interno) de 1,2%\u00bb, se\u00f1al\u00f3 el presidente. \u00abQue digan c\u00f3mo lo van a pagar, porque esto se paga con pobreza, con menos crecimiento\u00bb, a\u00f1adi\u00f3.<\/p>\n<p>El 22 de agosto, el Senado aprob\u00f3 una ley que aumenta las jubilaciones en 8,1% para compensar la p\u00e9rdida de los primeros cuatro meses del mandato de Milei, cuando la inflaci\u00f3n arras\u00f3 con los haberes jubilatorios con un acumulado entre diciembre de 2023 y marzo de 2024 en casi 70%. Como la aprobaci\u00f3n fue por mayor\u00eda de dos tercios de la c\u00e1mara, aunque Milei la vete, el Senado puede revertir el veto con una nueva votaci\u00f3n de dos tercios.<\/p>\n<p>A partir de abril de 2024, el Gobierno brind\u00f3 aumentos que equiparaban la inflaci\u00f3n y, desde julio a trav\u00e9s de un decreto, las jubilaciones se actualizan autom\u00e1ticamente por el \u00edndice de aumento de precios general que mide el Estado.<\/p>\n<p>La jubilaci\u00f3n m\u00ednima actualmente es de 225.454 pesos (unos 233 d\u00f3lares al tipo de cambio oficial), mientras que la canasta b\u00e1sica total para que una persona adulta no sea considerada pobre es de 291.417 pesos (unos 301,6 d\u00f3lares).<\/p>\n","protected":false},"excerpt":{"rendered":"<p>El presidente de\u00a0Argentina,\u00a0Javier Milei, anunci\u00f3 el viernes (23.08.2024) que vetar\u00e1 el aumento a las jubilaciones que aprob\u00f3 el 22 de agosto el Senado, tras una semana de reveses en el Congreso relacionados al presupuesto y al control de los servicios de inteligencia del Estado. \u00abEl veto va a ser completo, va a ser total\u00bb, asegur\u00f3 [&hellip;]<\/p>\n","protected":false},"author":1,"featured_media":5917,"comment_status":"open","ping_status":"open","sticky":false,"template":"","format":"standard","meta":{"footnotes":""},"categories":[8],"tags":[],"_links":{"self":[{"href":"https:\/\/infozamoraec.com\/index.php\/wp-json\/wp\/v2\/posts\/5916"}],"collection":[{"href":"https:\/\/infozamoraec.com\/index.php\/wp-json\/wp\/v2\/posts"}],"about":[{"href":"https:\/\/infozamoraec.com\/index.php\/wp-json\/wp\/v2\/types\/post"}],"author":[{"embeddable":true,"href":"https:\/\/infozamoraec.com\/index.php\/wp-json\/wp\/v2\/users\/1"}],"replies":[{"embeddable":true,"href":"https:\/\/infozamoraec.com\/index.php\/wp-json\/wp\/v2\/comments?post=5916"}],"version-history":[{"count":1,"href":"https:\/\/infozamoraec.com\/index.php\/wp-json\/wp\/v2\/posts\/5916\/revisions"}],"predecessor-version":[{"id":5918,"href":"https:\/\/infozamoraec.com\/index.php\/wp-json\/wp\/v2\/posts\/5916\/revisions\/5918"}],"wp:featuredmedia":[{"embeddable":true,"href":"https:\/\/infozamoraec.com\/index.php\/wp-json\/wp\/v2\/media\/5917"}],"wp:attachment":[{"href":"https:\/\/infozamoraec.com\/index.php\/wp-json\/wp\/v2\/media?parent=5916"}],"wp:term":[{"taxonomy":"category","embeddable":true,"href":"https:\/\/infozamoraec.com\/index.php\/wp-json\/wp\/v2\/categories?post=5916"},{"taxonomy":"post_tag","embeddable":true,"href":"https:\/\/infozamoraec.com\/index.php\/wp-json\/wp\/v2\/tags?post=5916"}],"curies":[{"name":"wp","href":"https:\/\/api.w.org\/{rel}","templated":true}]}}