{"id":5907,"date":"2024-08-24T02:34:14","date_gmt":"2024-08-24T02:34:14","guid":{"rendered":"https:\/\/infozamoraec.com\/?p=5907"},"modified":"2024-08-24T02:42:53","modified_gmt":"2024-08-24T02:42:53","slug":"la-policia-nacional-informo-este-jueves-22-de-agosto-de-la-detencion-de-siete-personas-entre-ellos-tres-policias-que-pertenecerian-al-grupo-delictivo-conocido-como-los-tiguerones-por-su-presunta-im","status":"publish","type":"post","link":"https:\/\/infozamoraec.com\/index.php\/2024\/08\/24\/la-policia-nacional-informo-este-jueves-22-de-agosto-de-la-detencion-de-siete-personas-entre-ellos-tres-policias-que-pertenecerian-al-grupo-delictivo-conocido-como-los-tiguerones-por-su-presunta-im\/","title":{"rendered":"Diana Salazar: Wilman Ter\u00e1n busca dilatar juicios porque est\u00e1 seguro de que me censurar\u00e1n en la Asamblea"},"content":{"rendered":"<p>El 19 de agosto, la fiscal general Diana Salazar anunci\u00f3 que est\u00e1 en<strong>\u00a0capacidad de enfrentar el juicio pol\u00edtico<\/strong>\u00a0impulsado en su contra desde el corre\u00edsmo en la\u00a0<strong>Asamblea Nacional<\/strong>. Este se suspendi\u00f3 en consideraci\u00f3n al\u00a0<a href=\"https:\/\/www.ecuavisa.com\/noticias\/seguridad\/2024-08-19-fiscal-diana-salazar-retoma-casos-metastasis-purga-plaga-LG7866409\" target=\"_blank\" rel=\"noopener noreferrer nofollow\">embarazo de riesgo que enfrentaba<\/a>, seg\u00fan lo indic\u00f3 en mayo pasado.<\/p>\n<p>\u00abHemos pedido la\u00a0<strong>reactivaci\u00f3n<\/strong>\u00a0del juicio pol\u00edtico\u00a0<strong>por transparencia<\/strong>, con la autorizaci\u00f3n del m\u00e9dico, que me ha permitido reactivar las actividades con normalidad\u00bb, asegur\u00f3 la Fiscal durante una entrevista para Contacto Directo.<\/p>\n<p>A su criterio, \u00abno existen razones ni pol\u00edticas ni jur\u00eddicas para ser objeto de censura\u00bb, pues responden a la \u00abcontundencia\u00bb con la que ha actuado la Fiscal\u00eda y ha logrado sentencias. Adem\u00e1s, record\u00f3 que ser\u00e1 un proceso t\u00e9cnico-jur\u00eddico y la interpelante, Gissela Garz\u00f3n, ha indicado que no conoce de derecho.<\/p>\n<p>Por eso se mostr\u00f3 segura de poder desestimar las pruebas que sustenten el caso y asegur\u00f3 que no importa bajo de qui\u00e9n est\u00e9 la conducci\u00f3n de la Asamblea, pues se\u00f1al\u00f3 que los ecuatorianos ser\u00e1n quienes juzguen la actuaci\u00f3n de los legisladores.<\/p>\n<h3><strong>\u00ab(Las razones del juicio pol\u00edtico) no son otras que tratar de debilitar a la Fiscal General, justamente cuanto hemos liderado la mayor lucha contra el narcotr\u00e1fico, la delincuencia organizada, que ha infiltrado a las instituciones, a los pol\u00edticos y algunos medios digitales\u00bb<\/strong><\/h3>\n<h2>\u00bfUn narcojuicio?<\/h2>\n<p>En la solicitud de reactivaci\u00f3n del proceso que lleva la Asamblea en su contra, Salazar lo calific\u00f3 como\u00a0<strong>narcojuicio<\/strong>\u00a0y hoy lo ratifica como tal. \u00abEs un t\u00e9rmino duro\u00bb, dijo la Fiscal, pero explic\u00f3 que se debe a que, con casos como\u00a0<strong>Met\u00e1stasis<\/strong>, se ha develado la\u00a0<strong>infiltraci\u00f3n del crimen organizado<\/strong>\u00a0en las instituciones p\u00fablicas, pol\u00edtica y medios digitales.<\/p>\n","protected":false},"excerpt":{"rendered":"<p>El 19 de agosto, la fiscal general Diana Salazar anunci\u00f3 que est\u00e1 en\u00a0capacidad de enfrentar el juicio pol\u00edtico\u00a0impulsado en su contra desde el corre\u00edsmo en la\u00a0Asamblea Nacional. Este se suspendi\u00f3 en consideraci\u00f3n al\u00a0embarazo de riesgo que enfrentaba, seg\u00fan lo indic\u00f3 en mayo pasado. \u00abHemos pedido la\u00a0reactivaci\u00f3n\u00a0del juicio pol\u00edtico\u00a0por transparencia, con la autorizaci\u00f3n del m\u00e9dico, que [&hellip;]<\/p>\n","protected":false},"author":1,"featured_media":5909,"comment_status":"open","ping_status":"open","sticky":false,"template":"","format":"standard","meta":{"footnotes":""},"categories":[12],"tags":[],"_links":{"self":[{"href":"https:\/\/infozamoraec.com\/index.php\/wp-json\/wp\/v2\/posts\/5907"}],"collection":[{"href":"https:\/\/infozamoraec.com\/index.php\/wp-json\/wp\/v2\/posts"}],"about":[{"href":"https:\/\/infozamoraec.com\/index.php\/wp-json\/wp\/v2\/types\/post"}],"author":[{"embeddable":true,"href":"https:\/\/infozamoraec.com\/index.php\/wp-json\/wp\/v2\/users\/1"}],"replies":[{"embeddable":true,"href":"https:\/\/infozamoraec.com\/index.php\/wp-json\/wp\/v2\/comments?post=5907"}],"version-history":[{"count":2,"href":"https:\/\/infozamoraec.com\/index.php\/wp-json\/wp\/v2\/posts\/5907\/revisions"}],"predecessor-version":[{"id":5922,"href":"https:\/\/infozamoraec.com\/index.php\/wp-json\/wp\/v2\/posts\/5907\/revisions\/5922"}],"wp:featuredmedia":[{"embeddable":true,"href":"https:\/\/infozamoraec.com\/index.php\/wp-json\/wp\/v2\/media\/5909"}],"wp:attachment":[{"href":"https:\/\/infozamoraec.com\/index.php\/wp-json\/wp\/v2\/media?parent=5907"}],"wp:term":[{"taxonomy":"category","embeddable":true,"href":"https:\/\/infozamoraec.com\/index.php\/wp-json\/wp\/v2\/categories?post=5907"},{"taxonomy":"post_tag","embeddable":true,"href":"https:\/\/infozamoraec.com\/index.php\/wp-json\/wp\/v2\/tags?post=5907"}],"curies":[{"name":"wp","href":"https:\/\/api.w.org\/{rel}","templated":true}]}}