{"id":5903,"date":"2024-08-24T02:32:27","date_gmt":"2024-08-24T02:32:27","guid":{"rendered":"https:\/\/infozamoraec.com\/?p=5903"},"modified":"2024-08-24T02:32:27","modified_gmt":"2024-08-24T02:32:27","slug":"tres-policias-son-detenidos-por-su-presunta-implicacion-en-un-secuestro-en-guayaquil","status":"publish","type":"post","link":"https:\/\/infozamoraec.com\/index.php\/2024\/08\/24\/tres-policias-son-detenidos-por-su-presunta-implicacion-en-un-secuestro-en-guayaquil\/","title":{"rendered":"Tres polic\u00edas son detenidos por su presunta implicaci\u00f3n en un secuestro, en Guayaquil"},"content":{"rendered":"<p>La\u00a0<strong>Polic\u00eda Nacional<\/strong>\u00a0inform\u00f3 este jueves 22 de agosto de la detenci\u00f3n de siete personas, entre ellos tres polic\u00edas, que pertenecer\u00edan al grupo delictivo conocido como\u00a0<a href=\"https:\/\/www.ecuavisa.com\/noticias\/seguridad\/comandante-willy-tiguerones-tc-terrorismo-NI6794492\" target=\"_blank\" rel=\"noopener noreferrer nofollow\"><strong>Los Tiguerones<\/strong><\/a>, por su presunta implicaci\u00f3n en el secuestro de una madre y su hija en Guayaquil.<\/p>\n<p>El comandante general de la Polic\u00eda,\u00a0<a href=\"https:\/\/www.ecuavisa.com\/noticias\/seguridad\/2024-08-08-victor-zarate-policia-nacional-HK7815797\" target=\"_blank\" rel=\"noopener noreferrer nofollow\"><strong>V\u00edctor Z\u00e1rate<\/strong><\/a>, comunic\u00f3 en una rueda de prensa que las dos v\u00edctimas fueron liberadas tras realizar cuatro allanamientos en la urbe porte\u00f1a.<\/p>\n<p>Z\u00e1rate identific\u00f3 a los tres polic\u00edas implicados en el caso como Andr\u00e9s M., un subteniente con dos a\u00f1os de servicio; y a dos cabos segundos con ocho a\u00f1os de servicio cada uno: Gabriel M., que contaba con antecedentes por evasi\u00f3n o fuga de un detenido, y Christian O.<\/p>\n<p>El comandante general explic\u00f3 que una familia (padre, madre e hija) viajaban en su veh\u00edculo en una carretera de Guayas cuando fueron interceptados por varios sujetos en cuatro motocicletas que simulaban ser integrantes de la Polic\u00eda.<\/p>\n<p>Seg\u00fan Z\u00e1rate, los sospechosos, tras abordar a la familia, les habr\u00edan obligado a seguir ciertas indicaciones debido a un supuesto operativo en marcha, por lo que deb\u00edan acompa\u00f1arlos hasta las instalaciones policiales.<\/p>\n<p>En el camino, estos hombres bajaron de su autom\u00f3vil y a la madre y a la hija las llevaron a otro veh\u00edculo con rumbo desconocido, detall\u00f3 Z\u00e1rate.<\/p>\n<p>El comandante a\u00f1adi\u00f3 que minutos despu\u00e9s el padre comenz\u00f3 a recibir mensajes y videos donde le exig\u00edan el pago de<strong>\u00a0un mill\u00f3n de d\u00f3lares<\/strong>\u00a0para liberar a sus familiares.<\/p>\n<p>Tras la llamada, el padre avis\u00f3 a las autoridades que iniciaron las investigaciones para conseguir la ubicaci\u00f3n de los implicados y lograron liberar a las dos secuestradas.<\/p>\n<p>Las v\u00edctimas fueron llevadas a un centro de salud para verificar su estado y los siete detenidos fueron puestos a \u00f3rdenes de las autoridades competentes, declar\u00f3 Z\u00e1rate.<\/p>\n<p>Entre los indicios recabados por la instituci\u00f3n del orden figuran 13 armas de uso oficial, dos veh\u00edculos, dos motocicletas policiales, 13 tel\u00e9fonos celulares y ropa de polic\u00edas.<\/p>\n<p>La banda conocida como Los Tiguerones ha sido identificada como una de las m\u00e1s de una veintena que generaron una oleada de violencia en c\u00e1rceles y calles a principios de a\u00f1o.<\/p>\n<p>En enero pasado el presidente de la Rep\u00fablica, Daniel Noboa, elev\u00f3 la lucha contra el crimen organizado a la categor\u00eda de\u00a0<strong>conflicto armado interno<\/strong>, con el que pas\u00f3 a catalogar a las bandas criminales como\u00a0<strong>grupos terroristas<\/strong>\u00a0y actores beligerantes no estatales.<\/p>\n<p>La violencia desatada en Ecuador le llev\u00f3 a figurar como el pa\u00eds con m\u00e1s homicidios per c\u00e1pita en 2023, al registrar 47,2 por cada 100 000 habitantes, seg\u00fan el\u00a0<strong>Observatorio Ecuatoriano de Crimen Organizado\u00a0<\/strong>(OECO).<\/p>\n<p>Las mafias, seg\u00fan las autoridades, est\u00e1n dedicadas principalmente al\u00a0<strong>narcotr\u00e1fico<\/strong>, pero tambi\u00e9n han ampliado sus operaciones a otros delitos como la\u00a0<strong>miner\u00eda ilegal<\/strong>, la<strong>\u00a0extorsi\u00f3n\u00a0<\/strong>y el\u00a0<strong>tr\u00e1fico de armas<\/strong>.<\/p>\n","protected":false},"excerpt":{"rendered":"<p>La\u00a0Polic\u00eda Nacional\u00a0inform\u00f3 este jueves 22 de agosto de la detenci\u00f3n de siete personas, entre ellos tres polic\u00edas, que pertenecer\u00edan al grupo delictivo conocido como\u00a0Los Tiguerones, por su presunta implicaci\u00f3n en el secuestro de una madre y su hija en Guayaquil. El comandante general de la Polic\u00eda,\u00a0V\u00edctor Z\u00e1rate, comunic\u00f3 en una rueda de prensa que las [&hellip;]<\/p>\n","protected":false},"author":1,"featured_media":5905,"comment_status":"open","ping_status":"open","sticky":false,"template":"","format":"standard","meta":{"footnotes":""},"categories":[12],"tags":[],"_links":{"self":[{"href":"https:\/\/infozamoraec.com\/index.php\/wp-json\/wp\/v2\/posts\/5903"}],"collection":[{"href":"https:\/\/infozamoraec.com\/index.php\/wp-json\/wp\/v2\/posts"}],"about":[{"href":"https:\/\/infozamoraec.com\/index.php\/wp-json\/wp\/v2\/types\/post"}],"author":[{"embeddable":true,"href":"https:\/\/infozamoraec.com\/index.php\/wp-json\/wp\/v2\/users\/1"}],"replies":[{"embeddable":true,"href":"https:\/\/infozamoraec.com\/index.php\/wp-json\/wp\/v2\/comments?post=5903"}],"version-history":[{"count":1,"href":"https:\/\/infozamoraec.com\/index.php\/wp-json\/wp\/v2\/posts\/5903\/revisions"}],"predecessor-version":[{"id":5906,"href":"https:\/\/infozamoraec.com\/index.php\/wp-json\/wp\/v2\/posts\/5903\/revisions\/5906"}],"wp:featuredmedia":[{"embeddable":true,"href":"https:\/\/infozamoraec.com\/index.php\/wp-json\/wp\/v2\/media\/5905"}],"wp:attachment":[{"href":"https:\/\/infozamoraec.com\/index.php\/wp-json\/wp\/v2\/media?parent=5903"}],"wp:term":[{"taxonomy":"category","embeddable":true,"href":"https:\/\/infozamoraec.com\/index.php\/wp-json\/wp\/v2\/categories?post=5903"},{"taxonomy":"post_tag","embeddable":true,"href":"https:\/\/infozamoraec.com\/index.php\/wp-json\/wp\/v2\/tags?post=5903"}],"curies":[{"name":"wp","href":"https:\/\/api.w.org\/{rel}","templated":true}]}}