{"id":5863,"date":"2024-08-23T01:30:40","date_gmt":"2024-08-23T01:30:40","guid":{"rendered":"https:\/\/infozamoraec.com\/?p=5863"},"modified":"2024-08-23T01:30:40","modified_gmt":"2024-08-23T01:30:40","slug":"gobierno-accion-de-proteccion-hara-que-se-respete-orden-de-juicios-politicos","status":"publish","type":"post","link":"https:\/\/infozamoraec.com\/index.php\/2024\/08\/23\/gobierno-accion-de-proteccion-hara-que-se-respete-orden-de-juicios-politicos\/","title":{"rendered":"Gobierno: \u00abAcci\u00f3n de protecci\u00f3n har\u00e1 que se respete orden de juicios pol\u00edticos\u00bb"},"content":{"rendered":"<p>El ministro de Gobierno, Arturo F\u00e9lix Wong, dijo este 22 de agosto de 2024 que la\u00a0<strong>acci\u00f3n de protecci\u00f3n que interpuso la asamble\u00edsta oficialista In\u00e9s Alarc\u00f3n \u00abhar\u00e1 que se respete el orden de los juicios pol\u00edticos en la Asamblea<\/strong>\u00ab.<\/p>\n<p>En un mensaje transmitido en video, F\u00e9lix manifest\u00f3 que \u00abhoy gan\u00f3 una acci\u00f3n de protecci\u00f3n presentada por la asamble\u00edsta In\u00e9s Alarc\u00f3n que har\u00e1 que se respete el orden con el que fueron interpuestos los juicios pol\u00edticos\u00bb.<\/p>\n<p>Lo hizo luego de que un juez de Quitumbe acogi\u00f3 este jueves la acci\u00f3n de protecci\u00f3n que Alarc\u00f3n present\u00f3 en contra de la\u00a0<strong>Comisi\u00f3n de Fiscalizaci\u00f3n de la Asamblea Nacional para que se retomen los juicios pol\u00edticos contra exfuncionarios de Guillermo Lasso<\/strong>.<\/p>\n<p>Adem\u00e1s, agradeci\u00f3 lo que considera \u00abla valent\u00eda\u00bb de la legisladora y descart\u00f3 que la acci\u00f3n legal se trate de una venganza. \u00abEs cuesti\u00f3n de hacer respetar los procesos\u00bb, mencion\u00f3.<\/p>\n","protected":false},"excerpt":{"rendered":"<p>El ministro de Gobierno, Arturo F\u00e9lix Wong, dijo este 22 de agosto de 2024 que la\u00a0acci\u00f3n de protecci\u00f3n que interpuso la asamble\u00edsta oficialista In\u00e9s Alarc\u00f3n \u00abhar\u00e1 que se respete el orden de los juicios pol\u00edticos en la Asamblea\u00ab. En un mensaje transmitido en video, F\u00e9lix manifest\u00f3 que \u00abhoy gan\u00f3 una acci\u00f3n de protecci\u00f3n presentada por [&hellip;]<\/p>\n","protected":false},"author":1,"featured_media":5866,"comment_status":"open","ping_status":"open","sticky":false,"template":"","format":"standard","meta":{"footnotes":""},"categories":[12],"tags":[],"_links":{"self":[{"href":"https:\/\/infozamoraec.com\/index.php\/wp-json\/wp\/v2\/posts\/5863"}],"collection":[{"href":"https:\/\/infozamoraec.com\/index.php\/wp-json\/wp\/v2\/posts"}],"about":[{"href":"https:\/\/infozamoraec.com\/index.php\/wp-json\/wp\/v2\/types\/post"}],"author":[{"embeddable":true,"href":"https:\/\/infozamoraec.com\/index.php\/wp-json\/wp\/v2\/users\/1"}],"replies":[{"embeddable":true,"href":"https:\/\/infozamoraec.com\/index.php\/wp-json\/wp\/v2\/comments?post=5863"}],"version-history":[{"count":1,"href":"https:\/\/infozamoraec.com\/index.php\/wp-json\/wp\/v2\/posts\/5863\/revisions"}],"predecessor-version":[{"id":5867,"href":"https:\/\/infozamoraec.com\/index.php\/wp-json\/wp\/v2\/posts\/5863\/revisions\/5867"}],"wp:featuredmedia":[{"embeddable":true,"href":"https:\/\/infozamoraec.com\/index.php\/wp-json\/wp\/v2\/media\/5866"}],"wp:attachment":[{"href":"https:\/\/infozamoraec.com\/index.php\/wp-json\/wp\/v2\/media?parent=5863"}],"wp:term":[{"taxonomy":"category","embeddable":true,"href":"https:\/\/infozamoraec.com\/index.php\/wp-json\/wp\/v2\/categories?post=5863"},{"taxonomy":"post_tag","embeddable":true,"href":"https:\/\/infozamoraec.com\/index.php\/wp-json\/wp\/v2\/tags?post=5863"}],"curies":[{"name":"wp","href":"https:\/\/api.w.org\/{rel}","templated":true}]}}