{"id":5862,"date":"2024-08-23T01:29:00","date_gmt":"2024-08-23T01:29:00","guid":{"rendered":"https:\/\/infozamoraec.com\/?p=5862"},"modified":"2024-08-23T01:29:00","modified_gmt":"2024-08-23T01:29:00","slug":"en-ecuador-no-se-registran-casos-de-mpox-clado-ib-como-se-conoce-a-la-nueva-cepa-de-la-viruela-del-mono","status":"publish","type":"post","link":"https:\/\/infozamoraec.com\/index.php\/2024\/08\/23\/en-ecuador-no-se-registran-casos-de-mpox-clado-ib-como-se-conoce-a-la-nueva-cepa-de-la-viruela-del-mono\/","title":{"rendered":"En Ecuador NO se registran casos de Mpox Clado Ib, como se conoce a la nueva cepa de la viruela del mono"},"content":{"rendered":"<p>El Ministerio de Salud P\u00fablica (MSP) informa a la ciudadan\u00eda que en Ecuador no hay casos de la nueva variante de la viruela s\u00edmica, Mpox clado ib, por la que la Organizaci\u00f3n Mundial de la Salud (OMS) declar\u00f3 la Emergencia de Salud P\u00fablica de Importancia Internacional.<\/p>\n<p>Los casos de Mpox (anteriormente conocida como viruela s\u00edmica) que se registran en nuestro pa\u00eds corresponden a la antigua cepa llamada Monkeypox Clado II y hasta la actualidad, estos casos ascienden a 7 confirmados, en lo que va de 2024. Cabe indicar que de los 7 casos, solo 3 est\u00e1n en seguimiento epidemiol\u00f3gico por ser los casos m\u00e1s recientes, los anteriores fueron de los primeros meses del a\u00f1o y ya no hay riesgo de contagio.<\/p>\n<p>El MSP mantiene activa la vigilancia epidemiol\u00f3gica y el procesamiento de pruebas a trav\u00e9s del Instituto Nacional de Investigaci\u00f3n en Salud P\u00fablica (INSPI) para identificar qu\u00e9 tipo de clado de viruela del mono circula, cuando hay nuevos casos que se detectan.<\/p>\n<p>Solicitamos a la ciudadan\u00eda mantener las medidas de bioseguridad como el lavado de manos y a acudir a un centro de salud m\u00e1s cercano si presentar s\u00edntomas como: fiebre, lesiones vesiculosas en piel o mucosas, ganglios agrandados, malestar severo y dolores musculares.<\/p>\n<p>Adem\u00e1s, reiteramos a la poblaci\u00f3n a mantenerse informada a trav\u00e9s de canales y voceros oficiales del Ministerio de Salud P\u00fablica.<\/p>\n","protected":false},"excerpt":{"rendered":"<p>El Ministerio de Salud P\u00fablica (MSP) informa a la ciudadan\u00eda que en Ecuador no hay casos de la nueva variante de la viruela s\u00edmica, Mpox clado ib, por la que la Organizaci\u00f3n Mundial de la Salud (OMS) declar\u00f3 la Emergencia de Salud P\u00fablica de Importancia Internacional. Los casos de Mpox (anteriormente conocida como viruela s\u00edmica) [&hellip;]<\/p>\n","protected":false},"author":1,"featured_media":5864,"comment_status":"open","ping_status":"open","sticky":false,"template":"","format":"standard","meta":{"footnotes":""},"categories":[12],"tags":[],"_links":{"self":[{"href":"https:\/\/infozamoraec.com\/index.php\/wp-json\/wp\/v2\/posts\/5862"}],"collection":[{"href":"https:\/\/infozamoraec.com\/index.php\/wp-json\/wp\/v2\/posts"}],"about":[{"href":"https:\/\/infozamoraec.com\/index.php\/wp-json\/wp\/v2\/types\/post"}],"author":[{"embeddable":true,"href":"https:\/\/infozamoraec.com\/index.php\/wp-json\/wp\/v2\/users\/1"}],"replies":[{"embeddable":true,"href":"https:\/\/infozamoraec.com\/index.php\/wp-json\/wp\/v2\/comments?post=5862"}],"version-history":[{"count":1,"href":"https:\/\/infozamoraec.com\/index.php\/wp-json\/wp\/v2\/posts\/5862\/revisions"}],"predecessor-version":[{"id":5865,"href":"https:\/\/infozamoraec.com\/index.php\/wp-json\/wp\/v2\/posts\/5862\/revisions\/5865"}],"wp:featuredmedia":[{"embeddable":true,"href":"https:\/\/infozamoraec.com\/index.php\/wp-json\/wp\/v2\/media\/5864"}],"wp:attachment":[{"href":"https:\/\/infozamoraec.com\/index.php\/wp-json\/wp\/v2\/media?parent=5862"}],"wp:term":[{"taxonomy":"category","embeddable":true,"href":"https:\/\/infozamoraec.com\/index.php\/wp-json\/wp\/v2\/categories?post=5862"},{"taxonomy":"post_tag","embeddable":true,"href":"https:\/\/infozamoraec.com\/index.php\/wp-json\/wp\/v2\/tags?post=5862"}],"curies":[{"name":"wp","href":"https:\/\/api.w.org\/{rel}","templated":true}]}}