{"id":5731,"date":"2024-08-20T01:51:16","date_gmt":"2024-08-20T01:51:16","guid":{"rendered":"https:\/\/infozamoraec.com\/?p=5731"},"modified":"2024-08-20T01:51:16","modified_gmt":"2024-08-20T01:51:16","slug":"inicio-plan-piloto-para-proyecto-de-discapacidades-en-chinchipe","status":"publish","type":"post","link":"https:\/\/infozamoraec.com\/index.php\/2024\/08\/20\/inicio-plan-piloto-para-proyecto-de-discapacidades-en-chinchipe\/","title":{"rendered":"Inici\u00f3 Plan piloto para Proyecto de Discapacidades en Chinchipe"},"content":{"rendered":"<p style=\"font-weight: 400;\">La Prefectura de Zamora Chinchipe, a trav\u00e9s de la direcci\u00f3n de Inclusi\u00f3n Social, se proyecta a implementar el servicio de atenci\u00f3n a personas con discapacidad en el cant\u00f3n Chinchipe, a trav\u00e9s del Centro de Rehabilitaci\u00f3n para Personas con Discapacidad.<\/p>\n<p style=\"font-weight: 400;\">En ese sentido este fin de semana el equipo t\u00e9cnico de la Prefectura, socializ\u00f3 los servicios que brindan en las 9 \u00e1reas y a trav\u00e9s de un voluntariado atendieron a los usuarios, asistieron al primer llamado 31 familias.<\/p>\n<p style=\"font-weight: 400;\">Conociendo que Chinchipe y Palanda son los cantones que tienen mayor porcentaje de personas con discapacidad, este proyecto inici\u00f3 el 17 de agosto de forma provisional en la cabecera cantonal de Zumba con las valoraciones de lenguaje, estimulaci\u00f3n temprana, psicol\u00f3gica y trabajo social. Cabe resaltar, que el equipo de voluntariado dar\u00e1 la atenci\u00f3n a los usuarios cada 15 d\u00edas bajo una previa planificaci\u00f3n.<\/p>\n<p style=\"font-weight: 400;\"><strong><em>\u201cInvitamos a todas las parroquias de Chinchipe y Palanda a que se unan a este beneficio que est\u00e1 dando la prefectura conjuntamente con las autoridades locales\u201d<\/em><\/strong>, manifest\u00f3 Deisy Cuenca, directora de Inclusi\u00f3n Social.<\/p>\n<p style=\"font-weight: 400;\">July N\u00fa\u00f1ez, madre de familia, sumamente emocionada expres\u00f3 su agradecimiento a la Prefecta por dar la apertura a este gran proyecto\u00a0<strong><em>\u201cyo creo que a todos se nos hace el coraz\u00f3n chiquito, es un d\u00eda hist\u00f3rico y el inicio de un gran comienzo\u2026no solamente es de una instituci\u00f3n, requerimos del tema de Educaci\u00f3n y del Ministerio de Salud P\u00fablica\u2026\u201d<\/em><\/strong>, dijo.<\/p>\n<p style=\"font-weight: 400;\">Para inicios del a\u00f1o 2025, se prevee contar con un proyecto permanente en el cant\u00f3n para el servicio de las familias tanto de Chinchipe como de Palanda que tienen hijos o familiares con discapacidad y, que no cuentan con los recursos econ\u00f3micos que estas terapias demandan.<\/p>\n<p style=\"font-weight: 400;\">Henry Ordo\u00f1ez, alcalde del cant\u00f3n Chinchipe reiter\u00f3 su apoyo y sostuvo\u00a0<strong><em>\u201cvamos a coordinar con la se\u00f1ora prefecta que tiene esa mirada puesta en lo social\u201d<\/em><\/strong>.\u00a0 Por su parte, la primera autoridad provincial mencion\u00f3 que\u00a0<strong><em>\u201cen este momento hay la donaci\u00f3n del terreno y vamos a iniciar con los estudios para lo que ser\u00e1 la construcci\u00f3n de la infraestructura, pero, hasta mientras buscaremos un lugar adecuado para que en enero empiece a funcionar el proyecto ya institucionalmente\u201d<\/em><\/strong>, se\u00f1al\u00f3 Re\u00e1tegui.<\/p>\n<p style=\"font-weight: 400;\">De esta forma bajo la decisi\u00f3n pol\u00edtica de la Prefecta, se expanden proyectos sociales a los cantones m\u00e1s alejados de la provincia, como son Chinchipe y Palanda.<\/p>\n","protected":false},"excerpt":{"rendered":"<p>La Prefectura de Zamora Chinchipe, a trav\u00e9s de la direcci\u00f3n de Inclusi\u00f3n Social, se proyecta a implementar el servicio de atenci\u00f3n a personas con discapacidad en el cant\u00f3n Chinchipe, a trav\u00e9s del Centro de Rehabilitaci\u00f3n para Personas con Discapacidad. En ese sentido este fin de semana el equipo t\u00e9cnico de la Prefectura, socializ\u00f3 los servicios [&hellip;]<\/p>\n","protected":false},"author":1,"featured_media":5733,"comment_status":"open","ping_status":"open","sticky":false,"template":"","format":"standard","meta":{"footnotes":""},"categories":[9],"tags":[],"_links":{"self":[{"href":"https:\/\/infozamoraec.com\/index.php\/wp-json\/wp\/v2\/posts\/5731"}],"collection":[{"href":"https:\/\/infozamoraec.com\/index.php\/wp-json\/wp\/v2\/posts"}],"about":[{"href":"https:\/\/infozamoraec.com\/index.php\/wp-json\/wp\/v2\/types\/post"}],"author":[{"embeddable":true,"href":"https:\/\/infozamoraec.com\/index.php\/wp-json\/wp\/v2\/users\/1"}],"replies":[{"embeddable":true,"href":"https:\/\/infozamoraec.com\/index.php\/wp-json\/wp\/v2\/comments?post=5731"}],"version-history":[{"count":1,"href":"https:\/\/infozamoraec.com\/index.php\/wp-json\/wp\/v2\/posts\/5731\/revisions"}],"predecessor-version":[{"id":5734,"href":"https:\/\/infozamoraec.com\/index.php\/wp-json\/wp\/v2\/posts\/5731\/revisions\/5734"}],"wp:featuredmedia":[{"embeddable":true,"href":"https:\/\/infozamoraec.com\/index.php\/wp-json\/wp\/v2\/media\/5733"}],"wp:attachment":[{"href":"https:\/\/infozamoraec.com\/index.php\/wp-json\/wp\/v2\/media?parent=5731"}],"wp:term":[{"taxonomy":"category","embeddable":true,"href":"https:\/\/infozamoraec.com\/index.php\/wp-json\/wp\/v2\/categories?post=5731"},{"taxonomy":"post_tag","embeddable":true,"href":"https:\/\/infozamoraec.com\/index.php\/wp-json\/wp\/v2\/tags?post=5731"}],"curies":[{"name":"wp","href":"https:\/\/api.w.org\/{rel}","templated":true}]}}