{"id":5721,"date":"2024-08-17T02:28:05","date_gmt":"2024-08-17T02:28:05","guid":{"rendered":"https:\/\/infozamoraec.com\/?p=5721"},"modified":"2024-08-17T02:28:05","modified_gmt":"2024-08-17T02:28:05","slug":"bolivia-no-vota-en-sesion-de-la-oea-sobre-venezuela-y-dice-que-resolucion-no-tiene-valor","status":"publish","type":"post","link":"https:\/\/infozamoraec.com\/index.php\/2024\/08\/17\/bolivia-no-vota-en-sesion-de-la-oea-sobre-venezuela-y-dice-que-resolucion-no-tiene-valor\/","title":{"rendered":"Bolivia no vota en sesi\u00f3n de la OEA sobre Venezuela y dice que resoluci\u00f3n no tiene valor"},"content":{"rendered":"<p>La Paz, 16 ago (EFE).- El Gobierno de\u00a0<strong>Bolivia<\/strong>\u00a0inform\u00f3 este viernes que decidi\u00f3 no participar en la sesi\u00f3n convocada por la Organizaci\u00f3n de Estados Americanos (OEA) sobre la situaci\u00f3n en Venezuela tras las elecciones de julio pasado, al considerar que\u00a0<strong>el organismo no tiene \u00abcompetencia\u00bb para pronunciarse sobre un pa\u00eds que ya no es parte del mismo<\/strong>.<\/p>\n<p>La Canciller\u00eda boliviana explic\u00f3 en un comunicado que hizo conocer su posici\u00f3n al respecto mediante una nota enviada por su embajador ante la OEA, H\u00e9ctor Arce Zaconeta, al presidente del Consejo Permanente de la entidad.<\/p>\n<p>En la nota, enviada el martes, el embajador se\u00f1al\u00f3 que Bolivia\u00a0<strong>\u00abno participar\u00e1 en ninguna sesi\u00f3n que se convoque para abordar las recientes elecciones presidenciales\u00bb en Venezuela<\/strong>, seg\u00fan el ministerio.<\/p>\n<p>La misi\u00f3n permanente de Bolivia ante el organismo argument\u00f3 que\u00a0<strong>\u00abVenezuela dej\u00f3 de ser miembro de la OEA hace m\u00e1s de cinco a\u00f1os\u00bb<\/strong>, por lo que la entidad\u00a0<strong>\u00abya no cuenta con competencia para pronunciarse sobre asuntos vinculados a este pa\u00eds\u00bb<\/strong>, como lo indica la Carta Constitutiva de la organizaci\u00f3n.<\/p>\n<p><strong>\u00abEn cumplimiento del Derecho Internacional, no exist\u00eda ni existe raz\u00f3n alguna para que el anterior y este Consejo Permanente y esta Organizaci\u00f3n en su conjunto traten o se pronuncien sobre asuntos de un Estado que dej\u00f3 de ser miembro de esta organizaci\u00f3n\u00bb<\/strong>, se\u00f1ala la carta, seg\u00fan indic\u00f3 la Canciller\u00eda.<\/p>\n<p>El ministerio aleg\u00f3 que la posici\u00f3n del Gobierno boliviano \u00abse enmarca en los principios de derecho internacional\u00bb y que, \u00aben esta l\u00ednea,\u00a0<strong>rechaza cualquier forma de injerencia en asuntos soberanos de otros pa\u00edses\u00bb.<\/strong><\/p>\n<p>Adem\u00e1s record\u00f3 que un proyecto de resoluci\u00f3n similar fue rechazado el 31 de julio pasado, \u00abal no obtener la cantidad suficiente de votos favorables entre los 34 pa\u00edses miembros de la Organizaci\u00f3n\u00bb.<\/p>\n<p>Reunido este viernes en Washington, el Consejo Permanente de la OEA aprob\u00f3 por consenso una resoluci\u00f3n que exige a las autoridades de Venezuela la publicaci\u00f3n \u00abde manera expedita\u00bb de las actas de las elecciones del pasado 28 de julio en ese pa\u00eds.<\/p>\n<p>El texto, no vinculante, fue presentado en nombre de\u00a0<strong>Estados Unidos y de Antigua y Barbuda, Argentina, Canad\u00e1, Chile, Ecuador, Guatemala, Paraguay, Rep\u00fablica Dominicana, Surinam y Uruguay\u00a0<\/strong>en calidad de copatrocinadores.<\/p>\n<p>El llamamiento se une al que tambi\u00e9n efectuaron este viernes en Rep\u00fablica Dominicana un grupo de naciones de la Uni\u00f3n Europea (UE), entre ellos Espa\u00f1a, en favor de la\u00a0<strong>\u00abinmediata publicaci\u00f3n de todas las actas originales\u00bb de las elecciones y la verificaci\u00f3n \u00abimparcial\u00bb e \u00abindependiente\u00bb de los resultados<\/strong>\u00a0de esos comicios.<\/p>\n<p>Nicol\u00e1s Maduro, en el poder desde 2013, fue anunciado como mandatario reelecto por el Consejo Nacional Electoral (CNE) venezolano con el 51,2 % de los votos, mientras que el candidato de la oposici\u00f3n mayoritaria,\u00a0<strong>Edmundo Gonz\u00e1lez Urrutia<\/strong>, obtuvo el 44,2 % de los sufragios, seg\u00fan CNE.<\/p>\n<p>El presidente de Bolivia, Luis Arce, que es\u00a0<strong>aliado pol\u00edtico de Maduro<\/strong>, fue uno de los primeros y pocos gobernantes de la regi\u00f3n en felicitar al venezolano por su anunciada victoria, lo que le vali\u00f3 ser criticado por los principales l\u00edderes de la oposici\u00f3n boliviana. EFE<\/p>\n","protected":false},"excerpt":{"rendered":"<p>La Paz, 16 ago (EFE).- El Gobierno de\u00a0Bolivia\u00a0inform\u00f3 este viernes que decidi\u00f3 no participar en la sesi\u00f3n convocada por la Organizaci\u00f3n de Estados Americanos (OEA) sobre la situaci\u00f3n en Venezuela tras las elecciones de julio pasado, al considerar que\u00a0el organismo no tiene \u00abcompetencia\u00bb para pronunciarse sobre un pa\u00eds que ya no es parte del mismo. [&hellip;]<\/p>\n","protected":false},"author":1,"featured_media":5724,"comment_status":"open","ping_status":"open","sticky":false,"template":"","format":"standard","meta":{"footnotes":""},"categories":[8],"tags":[],"_links":{"self":[{"href":"https:\/\/infozamoraec.com\/index.php\/wp-json\/wp\/v2\/posts\/5721"}],"collection":[{"href":"https:\/\/infozamoraec.com\/index.php\/wp-json\/wp\/v2\/posts"}],"about":[{"href":"https:\/\/infozamoraec.com\/index.php\/wp-json\/wp\/v2\/types\/post"}],"author":[{"embeddable":true,"href":"https:\/\/infozamoraec.com\/index.php\/wp-json\/wp\/v2\/users\/1"}],"replies":[{"embeddable":true,"href":"https:\/\/infozamoraec.com\/index.php\/wp-json\/wp\/v2\/comments?post=5721"}],"version-history":[{"count":1,"href":"https:\/\/infozamoraec.com\/index.php\/wp-json\/wp\/v2\/posts\/5721\/revisions"}],"predecessor-version":[{"id":5725,"href":"https:\/\/infozamoraec.com\/index.php\/wp-json\/wp\/v2\/posts\/5721\/revisions\/5725"}],"wp:featuredmedia":[{"embeddable":true,"href":"https:\/\/infozamoraec.com\/index.php\/wp-json\/wp\/v2\/media\/5724"}],"wp:attachment":[{"href":"https:\/\/infozamoraec.com\/index.php\/wp-json\/wp\/v2\/media?parent=5721"}],"wp:term":[{"taxonomy":"category","embeddable":true,"href":"https:\/\/infozamoraec.com\/index.php\/wp-json\/wp\/v2\/categories?post=5721"},{"taxonomy":"post_tag","embeddable":true,"href":"https:\/\/infozamoraec.com\/index.php\/wp-json\/wp\/v2\/tags?post=5721"}],"curies":[{"name":"wp","href":"https:\/\/api.w.org\/{rel}","templated":true}]}}